{"id":26199,"date":"2025-06-26T17:47:35","date_gmt":"2025-06-26T20:47:35","guid":{"rendered":"http:\/\/informeagropecuario.com.ar\/?p=26199"},"modified":"2025-06-26T17:47:35","modified_gmt":"2025-06-26T20:47:35","slug":"retenciones-al-agro-a-dias-del-vencimiento-de-la-rebaja-el-campo-redobla-la-presion-sobre-el-gobierno","status":"publish","type":"post","link":"https:\/\/informeagropecuario.com.ar\/?p=26199","title":{"rendered":"Retenciones al agro: a d\u00edas del vencimiento de la rebaja, el campo redobla la presi\u00f3n sobre el Gobierno"},"content":{"rendered":"\n<p><strong>A pocos d\u00edas del 30 de junio, fecha en que expira la rebaja temporaria de los derechos de exportaci\u00f3n (DEX) implementada en enero por el Gobierno nacional, el sector agropecuario argentino elev\u00f3 el tono de sus reclamos y volvi\u00f3 a exigir el cumplimiento de una promesa de campa\u00f1a central: la eliminaci\u00f3n total de las retenciones.<\/strong><\/p>\n\n\n\n<p>Lo que comenz\u00f3 como un murmullo en entidades de base y rurales provinciales, hoy se convirti\u00f3 en una ofensiva p\u00fablica liderada por las principales organizaciones que integran la Mesa de Enlace. El malestar se intensific\u00f3 a medida que se acercaba el vencimiento del beneficio transitorio, en un contexto de precios internacionales deprimidos, costos internos elevados y m\u00e1rgenes de rentabilidad que, seg\u00fan denuncian los productores, se encuentran al l\u00edmite de la sustentabilidad.<\/p>\n\n\n\n<h3 class=\"wp-block-heading\">CRA: \u201cLas retenciones provocan consecuencias regresivas para toda la cadena\u201d<\/h3>\n\n\n\n<p>Una de las primeras en alzar la voz fue la Confederaciones Rurales Argentinas (CRA), que lanz\u00f3 un duro comunicado en el que advierte sobre las m\u00faltiples consecuencias negativas del restablecimiento pleno de los DEX. Seg\u00fan la entidad, mantener este esquema tributario significar\u00eda un fuerte <strong>desincentivo a la inversi\u00f3n en tecnolog\u00eda<\/strong>, reducci\u00f3n de la producci\u00f3n y de la <strong>competitividad internacional<\/strong>, p\u00e9rdida de empleos en las econom\u00edas regionales y ca\u00edda de la recaudaci\u00f3n fiscal a mediano plazo.<\/p>\n\n\n\n<p>\u201cExigimos una <strong>revisi\u00f3n urgente<\/strong> de la pol\u00edtica de retenciones, y reafirmamos nuestra voluntad de di\u00e1logo serio para construir soluciones previsibles y sostenibles\u201d, reclam\u00f3 la CRA, dejando en claro que el sector est\u00e1 dispuesto a negociar, pero no a seguir soportando lo que considera una carga desproporcionada e injusta.<\/p>\n\n\n\n<h3 class=\"wp-block-heading\">Coninagro: \u201cNecesitamos libertad y reglas claras\u201d<\/h3>\n\n\n\n<p>Desde el movimiento cooperativo, <strong>Coninagro<\/strong> se sum\u00f3 al coro de cr\u00edticas, alertando que la finalizaci\u00f3n de la rebaja de al\u00edcuotas en plena campa\u00f1a agr\u00edcola genera \u00abpreocupaci\u00f3n y desigualdad\u00bb entre productores, especialmente en zonas m\u00e1s alejadas o con menores capacidades productivas. La entidad reiter\u00f3 la necesidad de un <strong>modelo impositivo m\u00e1s equitativo<\/strong>, con pol\u00edticas de largo plazo que otorguen previsibilidad.<\/p>\n\n\n\n<p>\u201cEl productor recalcula su inversi\u00f3n y costos con cada medida. Necesitamos previsibilidad, no discursos estancos\u201d, sostuvieron en un comunicado. La delegaci\u00f3n de <strong>Coninagro C\u00f3rdoba<\/strong> fue incluso m\u00e1s directa: \u201cNo se puede hablar de libertad si seguimos siendo los \u00fanicos que pagamos por exportar. El agro sostiene la econom\u00eda real del interior. Es hora de que la libertad nos alcance tambi\u00e9n a nosotros\u201d, afirmaron, haciendo alusi\u00f3n al discurso libertario del actual Gobierno.<\/p>\n\n\n\n<h3 class=\"wp-block-heading\">SRA C\u00f3rdoba: \u201cLas retenciones son un robo\u201d<\/h3>\n\n\n\n<p>El <strong>Distrito 4 de la Sociedad Rural Argentina (SRA)<\/strong>, que representa a C\u00f3rdoba, no escatim\u00f3 en calificativos y cuestion\u00f3 con dureza al Gobierno por no haber cumplido lo prometido. En un documento titulado \u201cLa hora del campo es ahora\u201d, la entidad calific\u00f3 de \u201cexiguo y mediocre\u201d al alivio fiscal transitorio, y pidi\u00f3 la <strong>eliminaci\u00f3n total de los derechos de exportaci\u00f3n<\/strong>.<\/p>\n\n\n\n<p>\u201cLas retenciones son un robo. Lo dijo el propio Gobierno y no cumpli\u00f3. No hay m\u00e1s margen para medidas improvisadas. Es momento de decisiones estructurales\u201d, subrayaron, marcando la creciente p\u00e9rdida de paciencia del sector con el Ejecutivo nacional.<\/p>\n\n\n\n<h3 class=\"wp-block-heading\">CARBAP: \u201cEl agro no aguanta m\u00e1s\u201d<\/h3>\n\n\n\n<p>La <strong>Confederaci\u00f3n de Asociaciones Rurales de Buenos Aires y La Pampa (CARBAP)<\/strong> tambi\u00e9n se sum\u00f3 al reclamo colectivo, alertando que el retorno de las al\u00edcuotas anteriores implicar\u00eda subas importantes: del <strong>26% al 33% para la soja<\/strong> y del <strong>9,5% al 12% para ma\u00edz y sorgo<\/strong>. \u201cEl agro es un pilar del desarrollo, pero no aguanta m\u00e1s. La presi\u00f3n fiscal y la falta de infraestructura ya han expulsado a miles de productores\u201d, remarcaron.<\/p>\n\n\n\n<p>En l\u00ednea con las dem\u00e1s entidades, CARBAP inst\u00f3 al Gobierno a <strong>honrar su palabra<\/strong> y eliminar definitivamente las retenciones, recordando la promesa de campa\u00f1a del presidente Javier Milei.<\/p>\n\n\n\n<h3 class=\"wp-block-heading\">CARTEZ: \u201cVolver al fracaso no es la soluci\u00f3n\u201d<\/h3>\n\n\n\n<p>Por su parte, la <strong>Confederaci\u00f3n de Asociaciones Rurales de la Tercera Zona (CARTEZ)<\/strong>, con base en el interior cordob\u00e9s, expres\u00f3 su malestar con una frase tajante: \u201cVolver al fracaso no es la soluci\u00f3n\u201d. Seg\u00fan la entidad, con precios internacionales deprimidos y costos internos en alza, reinstaurar las retenciones pone en riesgo la viabilidad del sector agropecuario.<\/p>\n\n\n\n<p>\u201cNo subir las retenciones permitir\u00eda aplicar tecnolog\u00eda, lograr mejores rindes y beneficiar a todo el pa\u00eds\u201d, concluyeron, en alusi\u00f3n al impacto positivo que podr\u00eda tener una pol\u00edtica impositiva m\u00e1s amigable con la producci\u00f3n.<\/p>\n\n\n\n<hr class=\"wp-block-separator has-alpha-channel-opacity\"\/>\n\n\n\n<h3 class=\"wp-block-heading\">Un escenario tenso a la espera de definiciones<\/h3>\n\n\n\n<p>A medida que se acerca la fecha l\u00edmite, el conflicto entre el Gobierno y el campo escala en intensidad. Las entidades reclaman no s\u00f3lo la continuidad de la rebaja de retenciones sino su eliminaci\u00f3n definitiva, mientras que desde el Ejecutivo a\u00fan no hay se\u00f1ales claras sobre qu\u00e9 decisi\u00f3n tomar\u00e1. En el medio, miles de productores esperan una respuesta concreta que determine si podr\u00e1n planificar su futuro con reglas claras o si deber\u00e1n enfrentar, una vez m\u00e1s, un escenario de incertidumbre.<\/p>\n\n\n\n<p>El 30 de junio no es s\u00f3lo una fecha administrativa: es el punto de inflexi\u00f3n para un sector clave de la econom\u00eda argentina, que exige ser escuchado y respetado.<\/p>\n\n\n\n<p><\/p>\n","protected":false},"excerpt":{"rendered":"<p>A pocos d\u00edas del 30 de junio, fecha en que expira la rebaja temporaria de<\/p>\n","protected":false},"author":1,"featured_media":26200,"comment_status":"open","ping_status":"open","sticky":false,"template":"","format":"standard","meta":{"footnotes":""},"categories":[20],"tags":[],"class_list":["post-26199","post","type-post","status-publish","format-standard","has-post-thumbnail","hentry","category-actualidad"],"_links":{"self":[{"href":"https:\/\/informeagropecuario.com.ar\/index.php?rest_route=\/wp\/v2\/posts\/26199","targetHints":{"allow":["GET"]}}],"collection":[{"href":"https:\/\/informeagropecuario.com.ar\/index.php?rest_route=\/wp\/v2\/posts"}],"about":[{"href":"https:\/\/informeagropecuario.com.ar\/index.php?rest_route=\/wp\/v2\/types\/post"}],"author":[{"embeddable":true,"href":"https:\/\/informeagropecuario.com.ar\/index.php?rest_route=\/wp\/v2\/users\/1"}],"replies":[{"embeddable":true,"href":"https:\/\/informeagropecuario.com.ar\/index.php?rest_route=%2Fwp%2Fv2%2Fcomments&post=26199"}],"version-history":[{"count":1,"href":"https:\/\/informeagropecuario.com.ar\/index.php?rest_route=\/wp\/v2\/posts\/26199\/revisions"}],"predecessor-version":[{"id":26201,"href":"https:\/\/informeagropecuario.com.ar\/index.php?rest_route=\/wp\/v2\/posts\/26199\/revisions\/26201"}],"wp:featuredmedia":[{"embeddable":true,"href":"https:\/\/informeagropecuario.com.ar\/index.php?rest_route=\/wp\/v2\/media\/26200"}],"wp:attachment":[{"href":"https:\/\/informeagropecuario.com.ar\/index.php?rest_route=%2Fwp%2Fv2%2Fmedia&parent=26199"}],"wp:term":[{"taxonomy":"category","embeddable":true,"href":"https:\/\/informeagropecuario.com.ar\/index.php?rest_route=%2Fwp%2Fv2%2Fcategories&post=26199"},{"taxonomy":"post_tag","embeddable":true,"href":"https:\/\/informeagropecuario.com.ar\/index.php?rest_route=%2Fwp%2Fv2%2Ftags&post=26199"}],"curies":[{"name":"wp","href":"https:\/\/api.w.org\/{rel}","templated":true}]}}