{"id":26202,"date":"2025-06-26T17:55:54","date_gmt":"2025-06-26T20:55:54","guid":{"rendered":"http:\/\/informeagropecuario.com.ar\/?p=26202"},"modified":"2025-06-26T17:55:54","modified_gmt":"2025-06-26T20:55:54","slug":"la-sociedad-rural-insiste-con-retenciones-cero-a-dias-del-vencimiento-del-decreto-que-redujo-el-tributo-a-los-granos","status":"publish","type":"post","link":"https:\/\/informeagropecuario.com.ar\/?p=26202","title":{"rendered":"La Sociedad Rural insiste con retenciones cero a d\u00edas del vencimiento del decreto que redujo el tributo a los granos"},"content":{"rendered":"\n<p><strong>A pocos d\u00edas del vencimiento del decreto que redujo temporalmente las retenciones a las exportaciones de granos, el presidente de la Sociedad Rural Argentina (SRA), Nicol\u00e1s Pino, renov\u00f3 el hist\u00f3rico reclamo del sector agropecuario: la eliminaci\u00f3n definitiva de este tributo.<\/strong><\/p>\n\n\n\n<p>Lo hizo durante la presentaci\u00f3n de la edici\u00f3n 137\u00b0 de la Exposici\u00f3n Rural de Palermo, que se desarrollar\u00e1 del 17 al 27 de julio.<\/p>\n\n\n\n<p>\u201cEl 30 de junio termina ese decreto temporario. Por supuesto, desde nuestro lugar venimos insistiendo, no ahora sino hace mucho tiempo, con que las retenciones deben desaparecer\u201d, subray\u00f3 Pino ante la prensa, dejando en claro que el reclamo no se agota con la finalizaci\u00f3n del r\u00e9gimen transitorio. \u201cNoticias o novedades no tenemos m\u00e1s que lo que todos sabemos. Vamos a seguir insistiendo suceda lo que suceda el 1 de julio\u201d, a\u00f1adi\u00f3.<\/p>\n\n\n\n<p>Pino destac\u00f3 que el Gobierno nacional ha demostrado una actitud m\u00e1s receptiva que en gestiones anteriores, pero remarc\u00f3 que la presi\u00f3n del campo continuar\u00e1. \u201cLo que tenemos que hacer, lo venimos haciendo, y tenemos un gobierno abierto a escucharnos. Desde el Instituto de Estudios Econ\u00f3micos (Isea) permanentemente le estamos dando n\u00fameros y mostrando diferentes situaciones. No nos cabe duda que el camino que se est\u00e1 transitando es a retenciones cero. El gobierno lo viene demostrando hace 1 a\u00f1o y pico\u201d, afirm\u00f3.<\/p>\n\n\n\n<p>El presidente de la SRA tambi\u00e9n record\u00f3 que la actual administraci\u00f3n hab\u00eda manifestado en reiteradas oportunidades que la baja gradual de las retenciones formaba parte de su pol\u00edtica econ\u00f3mica para el agro. \u201cPensando en su compromiso de que el gobierno tiene como pol\u00edtica bajar las retenciones, esperamos que esa promesa se cumpla\u201d, se\u00f1al\u00f3.<\/p>\n\n\n\n<p>En ese sentido, valor\u00f3 decisiones tomadas en los \u00faltimos meses como la eliminaci\u00f3n de retenciones para varias econom\u00edas regionales y la reducci\u00f3n de la brecha cambiaria, dos medidas largamente esperadas por el sector y que, seg\u00fan Pino, deben ser interpretadas como pasos en la direcci\u00f3n correcta.<\/p>\n\n\n\n<p>\u201cNo pido m\u00e1s paciencia. S\u00ed tenemos que tener templanza\u201d, dijo Pino al reflexionar sobre el contexto actual. \u201cInsisto en ver de d\u00f3nde venimos, d\u00f3nde estamos hoy y qu\u00e9 panorama vemos hacia adelante\u201d, sostuvo, con un mensaje que mezcl\u00f3 moderaci\u00f3n, expectativa y presi\u00f3n pol\u00edtica.<\/p>\n\n\n\n<p>La situaci\u00f3n de las retenciones vuelve a ponerse en el centro del debate justo cuando el campo se prepara para su cita anual m\u00e1s emblem\u00e1tica en Palermo. Con la mirada puesta en el 1\u00b0 de julio, la SRA busca mantener viva una demanda central para el sector: terminar con un esquema que considera injusto, distorsivo y contrario al crecimiento de las econom\u00edas del interior.<\/p>\n\n\n\n<p>Mientras tanto, el Gobierno deber\u00e1 decidir si extiende el alivio temporal, da un paso m\u00e1s hacia la eliminaci\u00f3n, o si el tributo volver\u00e1 a los niveles previos al decreto. En cualquier escenario, la tensi\u00f3n entre el Ejecutivo y el campo por las retenciones promete seguir marcando la agenda del agro en los pr\u00f3ximos meses.<\/p>\n","protected":false},"excerpt":{"rendered":"<p>A pocos d\u00edas del vencimiento del decreto que redujo temporalmente las retenciones a las exportaciones<\/p>\n","protected":false},"author":1,"featured_media":26203,"comment_status":"open","ping_status":"open","sticky":false,"template":"","format":"standard","meta":{"footnotes":""},"categories":[20],"tags":[],"class_list":["post-26202","post","type-post","status-publish","format-standard","has-post-thumbnail","hentry","category-actualidad"],"_links":{"self":[{"href":"https:\/\/informeagropecuario.com.ar\/index.php?rest_route=\/wp\/v2\/posts\/26202","targetHints":{"allow":["GET"]}}],"collection":[{"href":"https:\/\/informeagropecuario.com.ar\/index.php?rest_route=\/wp\/v2\/posts"}],"about":[{"href":"https:\/\/informeagropecuario.com.ar\/index.php?rest_route=\/wp\/v2\/types\/post"}],"author":[{"embeddable":true,"href":"https:\/\/informeagropecuario.com.ar\/index.php?rest_route=\/wp\/v2\/users\/1"}],"replies":[{"embeddable":true,"href":"https:\/\/informeagropecuario.com.ar\/index.php?rest_route=%2Fwp%2Fv2%2Fcomments&post=26202"}],"version-history":[{"count":1,"href":"https:\/\/informeagropecuario.com.ar\/index.php?rest_route=\/wp\/v2\/posts\/26202\/revisions"}],"predecessor-version":[{"id":26204,"href":"https:\/\/informeagropecuario.com.ar\/index.php?rest_route=\/wp\/v2\/posts\/26202\/revisions\/26204"}],"wp:featuredmedia":[{"embeddable":true,"href":"https:\/\/informeagropecuario.com.ar\/index.php?rest_route=\/wp\/v2\/media\/26203"}],"wp:attachment":[{"href":"https:\/\/informeagropecuario.com.ar\/index.php?rest_route=%2Fwp%2Fv2%2Fmedia&parent=26202"}],"wp:term":[{"taxonomy":"category","embeddable":true,"href":"https:\/\/informeagropecuario.com.ar\/index.php?rest_route=%2Fwp%2Fv2%2Fcategories&post=26202"},{"taxonomy":"post_tag","embeddable":true,"href":"https:\/\/informeagropecuario.com.ar\/index.php?rest_route=%2Fwp%2Fv2%2Ftags&post=26202"}],"curies":[{"name":"wp","href":"https:\/\/api.w.org\/{rel}","templated":true}]}}