{"id":26205,"date":"2025-06-26T18:00:55","date_gmt":"2025-06-26T21:00:55","guid":{"rendered":"http:\/\/informeagropecuario.com.ar\/?p=26205"},"modified":"2025-06-26T18:00:55","modified_gmt":"2025-06-26T21:00:55","slug":"presentacion-oficial-de-la-137-exposicion-rural-de-palermo-tradicion-innovacion-y-futuro-del-campo-argentino","status":"publish","type":"post","link":"https:\/\/informeagropecuario.com.ar\/?p=26205","title":{"rendered":"Presentaci\u00f3n oficial de la 137\u00b0 Exposici\u00f3n Rural de Palermo: tradici\u00f3n, innovaci\u00f3n y futuro del campo argentino"},"content":{"rendered":"\n<p><strong>Con gran expectativa y en un acto que reuni\u00f3 a autoridades del sector agropecuario, funcionarios nacionales y provinciales, empresarios, t\u00e9cnicos, productores y medios de comunicaci\u00f3n, se present\u00f3 oficialmente la 137\u00b0 edici\u00f3n de la Exposici\u00f3n Rural de Palermo, uno de los eventos m\u00e1s emblem\u00e1ticos de la Argentina, que se desarrollar\u00e1 del 17 al 27 de julio en el predio de la Sociedad Rural Argentina (SRA), en el barrio porte\u00f1o de Palermo.<\/strong><\/p>\n\n\n\n<p>Organizada desde 1886 por la Sociedad Rural Argentina, esta tradicional muestra del campo y la industria es reconocida por reunir lo mejor de la ganader\u00eda, la agricultura, la maquinaria, la gen\u00e9tica, la tecnolog\u00eda y la cultura rural. A\u00f1o tras a\u00f1o, la exposici\u00f3n se consolida como un espacio de encuentro entre el campo y la ciudad, donde miles de visitantes pueden conocer en detalle el trabajo y la innovaci\u00f3n del agro argentino, un pilar clave de la econom\u00eda nacional.<\/p>\n\n\n\n<hr class=\"wp-block-separator has-alpha-channel-opacity\"\/>\n\n\n\n<h3 class=\"wp-block-heading\">Un punto de encuentro entre el campo y la ciudad<\/h3>\n\n\n\n<p>Durante los <strong>11 d\u00edas de exposici\u00f3n<\/strong>, se espera la participaci\u00f3n de m\u00e1s de <strong>400 expositores<\/strong>, <strong>4.000 animales de las principales razas bovinas, ovinas, equinas, porcinas y av\u00edcolas<\/strong>, y una agenda cargada de actividades t\u00e9cnicas, educativas, culturales y recreativas.<\/p>\n\n\n\n<p>La muestra incluir\u00e1:<\/p>\n\n\n\n<ul class=\"wp-block-list\">\n<li><strong>Juras de clasificaci\u00f3n<\/strong> de las distintas razas ganaderas, con ejemplares de gen\u00e9tica superior.<\/li>\n\n\n\n<li><strong>Rondas de negocios<\/strong> nacionales e internacionales, promoviendo las exportaciones argentinas.<\/li>\n\n\n\n<li><strong>Charlas t\u00e9cnicas, foros y capacitaciones<\/strong> sobre tecnolog\u00eda agropecuaria, sustentabilidad, biotecnolog\u00eda, trazabilidad, AgTech y desaf\u00edos del cambio clim\u00e1tico.<\/li>\n\n\n\n<li><strong>Muestras de maquinaria agr\u00edcola, automotriz y productos veterinarios<\/strong>, con las \u00faltimas innovaciones del mercado.<\/li>\n\n\n\n<li>Espacios especiales para <strong>la gastronom\u00eda regional<\/strong>, el arte rural y la historia del agro.<\/li>\n<\/ul>\n\n\n\n<hr class=\"wp-block-separator has-alpha-channel-opacity\"\/>\n\n\n\n<h3 class=\"wp-block-heading\">Un pa\u00eds que produce y se proyecta<\/h3>\n\n\n\n<p>Durante el acto de presentaci\u00f3n, el presidente de la Sociedad Rural Argentina, <strong>Nicol\u00e1s Pino<\/strong>, destac\u00f3 la importancia estrat\u00e9gica del evento:<\/p>\n\n\n\n<blockquote class=\"wp-block-quote is-layout-flow wp-block-quote-is-layout-flow\">\n<p>\u201cLa Exposici\u00f3n Rural de Palermo no es solo una muestra del esfuerzo del productor agropecuario, sino tambi\u00e9n una vidriera del potencial que tiene la Argentina cuando trabaja con visi\u00f3n, innovaci\u00f3n y compromiso. Este a\u00f1o m\u00e1s que nunca, queremos mostrar que el campo no solo alimenta, sino que genera valor, empleo y divisas para el pa\u00eds\u201d.<\/p>\n<\/blockquote>\n\n\n\n<p>El lema de esta edici\u00f3n ser\u00e1 <strong>\u201cCampo argentino: ra\u00edces que impulsan el futuro\u201d<\/strong>, en clara referencia a la necesidad de combinar la rica tradici\u00f3n agropecuaria con el dinamismo de las nuevas generaciones, la tecnolog\u00eda aplicada y una visi\u00f3n de desarrollo federal y sostenible.<\/p>\n\n\n\n<hr class=\"wp-block-separator has-alpha-channel-opacity\"\/>\n\n\n\n<h3 class=\"wp-block-heading\">Un evento familiar y educativo<\/h3>\n\n\n\n<p>M\u00e1s all\u00e1 de su importancia econ\u00f3mica y productiva, la Exposici\u00f3n Rural tambi\u00e9n es un evento pensado para toda la familia. Como cada a\u00f1o, se ofrecer\u00e1n espect\u00e1culos ecuestres, demostraciones en pista, granja interactiva para ni\u00f1os, paseos gastron\u00f3micos, ferias de artesan\u00edas y visitas guiadas educativas para escuelas.<\/p>\n\n\n\n<p>Se espera una <strong>afluencia de m\u00e1s de 1 mill\u00f3n de personas<\/strong> durante los d\u00edas de muestra, lo que la convierte en una de las ferias agroindustriales m\u00e1s convocantes de Am\u00e9rica Latina.<\/p>\n\n\n\n<hr class=\"wp-block-separator has-alpha-channel-opacity\"\/>\n\n\n\n<h3 class=\"wp-block-heading\">Informaci\u00f3n general<\/h3>\n\n\n\n<ul class=\"wp-block-list\">\n<li> <strong>Fechas:<\/strong> del 17 al 27 de julio de 2025<\/li>\n\n\n\n<li> <strong>Lugar:<\/strong> Predio Ferial de Palermo, Sociedad Rural Argentina (Av. Sarmiento 2704, CABA)<\/li>\n\n\n\n<li> <strong>Horarios:<\/strong> Todos los d\u00edas de 9 a 20 h<\/li>\n\n\n\n<li> <strong>Entradas:<\/strong> Disponibles en boleter\u00eda y online a trav\u00e9s de la web oficial<\/li>\n\n\n\n<li><strong>Actividades para todas las edades<\/strong><\/li>\n<\/ul>\n\n\n\n<hr class=\"wp-block-separator has-alpha-channel-opacity\"\/>\n\n\n\n<h3 class=\"wp-block-heading\">Una cita imperdible<\/h3>\n\n\n\n<p>La <strong>137\u00b0 Exposici\u00f3n Rural de Palermo<\/strong> se perfila como una oportunidad \u00fanica para celebrar el trabajo del campo argentino, fomentar el v\u00ednculo con la ciudad, promover la innovaci\u00f3n y proyectar el potencial productivo del pa\u00eds al mundo. La tradici\u00f3n y el futuro se dan la mano en un evento que, desde hace m\u00e1s de un siglo, refleja el alma de la Argentina.<\/p>\n\n\n\n<p><strong>M\u00e1s informaci\u00f3n en<\/strong>: <a class=\"\" href=\"http:\/\/www.exposicionrural.com.ar\">www.exposicionrural.com.ar<\/a><\/p>\n","protected":false},"excerpt":{"rendered":"<p>Con gran expectativa y en un acto que reuni\u00f3 a autoridades del sector agropecuario, funcionarios<\/p>\n","protected":false},"author":1,"featured_media":26206,"comment_status":"open","ping_status":"open","sticky":false,"template":"","format":"standard","meta":{"footnotes":""},"categories":[20],"tags":[],"class_list":["post-26205","post","type-post","status-publish","format-standard","has-post-thumbnail","hentry","category-actualidad"],"_links":{"self":[{"href":"https:\/\/informeagropecuario.com.ar\/index.php?rest_route=\/wp\/v2\/posts\/26205","targetHints":{"allow":["GET"]}}],"collection":[{"href":"https:\/\/informeagropecuario.com.ar\/index.php?rest_route=\/wp\/v2\/posts"}],"about":[{"href":"https:\/\/informeagropecuario.com.ar\/index.php?rest_route=\/wp\/v2\/types\/post"}],"author":[{"embeddable":true,"href":"https:\/\/informeagropecuario.com.ar\/index.php?rest_route=\/wp\/v2\/users\/1"}],"replies":[{"embeddable":true,"href":"https:\/\/informeagropecuario.com.ar\/index.php?rest_route=%2Fwp%2Fv2%2Fcomments&post=26205"}],"version-history":[{"count":1,"href":"https:\/\/informeagropecuario.com.ar\/index.php?rest_route=\/wp\/v2\/posts\/26205\/revisions"}],"predecessor-version":[{"id":26207,"href":"https:\/\/informeagropecuario.com.ar\/index.php?rest_route=\/wp\/v2\/posts\/26205\/revisions\/26207"}],"wp:featuredmedia":[{"embeddable":true,"href":"https:\/\/informeagropecuario.com.ar\/index.php?rest_route=\/wp\/v2\/media\/26206"}],"wp:attachment":[{"href":"https:\/\/informeagropecuario.com.ar\/index.php?rest_route=%2Fwp%2Fv2%2Fmedia&parent=26205"}],"wp:term":[{"taxonomy":"category","embeddable":true,"href":"https:\/\/informeagropecuario.com.ar\/index.php?rest_route=%2Fwp%2Fv2%2Fcategories&post=26205"},{"taxonomy":"post_tag","embeddable":true,"href":"https:\/\/informeagropecuario.com.ar\/index.php?rest_route=%2Fwp%2Fv2%2Ftags&post=26205"}],"curies":[{"name":"wp","href":"https:\/\/api.w.org\/{rel}","templated":true}]}}