{"id":26208,"date":"2025-06-27T16:51:53","date_gmt":"2025-06-27T19:51:53","guid":{"rendered":"http:\/\/informeagropecuario.com.ar\/?p=26208"},"modified":"2025-06-27T16:51:53","modified_gmt":"2025-06-27T19:51:53","slug":"trigo-y-cebada-alicuotas-reducidas-pero-con-condiciones","status":"publish","type":"post","link":"https:\/\/informeagropecuario.com.ar\/?p=26208","title":{"rendered":"Trigo y cebada: al\u00edcuotas reducidas, pero con condiciones"},"content":{"rendered":"\n<p><strong>En el caso del trigo y la cebada, se mantendr\u00e1 la al\u00edcuota reducida del 9,5% hasta marzo de 2026. Sin embargo, la extensi\u00f3n de este beneficio est\u00e1 atada a un requisito clave: los exportadores deber\u00e1n liquidar al menos el 90% de las divisas provenientes de las operaciones en un plazo m\u00e1ximo de 30 d\u00edas h\u00e1biles contados a partir de la Declaraci\u00f3n Jurada de Venta al Exterior (DJVE).<\/strong><\/p>\n\n\n\n<p>De no cumplir con esta condici\u00f3n, la normativa establece que se aplicar\u00e1 autom\u00e1ticamente la al\u00edcuota superior prevista para estos granos, lo que supondr\u00eda un golpe adicional para los exportadores y productores.<\/p>\n\n\n\n<hr class=\"wp-block-separator has-alpha-channel-opacity\"\/>\n\n\n\n<h2 class=\"wp-block-heading\"><strong>Impacto en la cadena agroindustrial<\/strong><\/h2>\n\n\n\n<p>La decisi\u00f3n del Ejecutivo forma parte de la estrategia de ajuste fiscal y consolidaci\u00f3n de cuentas p\u00fablicas impulsada por la administraci\u00f3n de Milei. Sin embargo, en el sector agroindustrial la medida fue recibida con preocupaci\u00f3n.<\/p>\n\n\n\n<p>Productores y entidades rurales advierten que el regreso de las retenciones plenas golpear\u00e1 la rentabilidad de una campa\u00f1a que ya viene atravesada por factores de inestabilidad clim\u00e1tica y altos costos internos. En este sentido, la <strong>soja<\/strong>, principal generadora de divisas del pa\u00eds, vuelve a ubicarse en el centro de la tensi\u00f3n: con un <strong>33%<\/strong> de retenciones, es uno de los cultivos m\u00e1s gravados del mundo.<\/p>\n\n\n\n<p>Algunos analistas sostienen que esta decisi\u00f3n podr\u00eda desalentar la siembra de soja de cara a la pr\u00f3xima campa\u00f1a y favorecer un cambio de superficie hacia cultivos con menor carga fiscal, como el trigo y la cebada, que mantienen la rebaja.<\/p>\n\n\n\n<hr class=\"wp-block-separator has-alpha-channel-opacity\"\/>\n\n\n\n<h2 class=\"wp-block-heading\"><strong>Contexto y perspectivas<\/strong><\/h2>\n\n\n\n<p>El Gobierno apuesta a que el retorno de las al\u00edcuotas originales permitir\u00e1 reforzar la recaudaci\u00f3n y sostener el super\u00e1vit fiscal, una de las principales banderas del actual plan econ\u00f3mico. No obstante, en las provincias productoras \u2014especialmente en la regi\u00f3n pampeana\u2014 ya se anticipan reclamos y pedidos de alivio tributario ante la suba de la carga impositiva.<\/p>\n\n\n\n<p>Para los especialistas, la clave estar\u00e1 en el cumplimiento de los plazos de liquidaci\u00f3n de divisas y en c\u00f3mo reaccione el mercado ante esta nueva presi\u00f3n fiscal. Tambi\u00e9n ser\u00e1 determinante el impacto de la medida en la competitividad de la producci\u00f3n argentina frente a otros pa\u00edses exportadores.<\/p>\n\n\n\n<hr class=\"wp-block-separator has-alpha-channel-opacity\"\/>\n\n\n\n<h2 class=\"wp-block-heading\"><strong>Un tema que vuelve al centro del debate<\/strong><\/h2>\n\n\n\n<p>El debate por las retenciones vuelve as\u00ed a ocupar la agenda agropecuaria y pol\u00edtica. Organizaciones rurales, c\u00e1maras exportadoras y gobiernos provinciales se preparan para plantear su postura, en un contexto en el que la tensi\u00f3n entre la necesidad fiscal del Estado y la competitividad del campo sigue sin resolverse del todo.<\/p>\n\n\n\n<hr class=\"wp-block-separator has-alpha-channel-opacity\"\/>\n\n\n\n<p><strong>Fuente:<\/strong> Bolet\u00edn Oficial &#8211; Decreto 439\/2025<\/p>\n","protected":false},"excerpt":{"rendered":"<p>En el caso del trigo y la cebada, se mantendr\u00e1 la al\u00edcuota reducida del 9,5%<\/p>\n","protected":false},"author":1,"featured_media":26209,"comment_status":"open","ping_status":"open","sticky":false,"template":"","format":"standard","meta":{"footnotes":""},"categories":[20],"tags":[],"class_list":["post-26208","post","type-post","status-publish","format-standard","has-post-thumbnail","hentry","category-actualidad"],"_links":{"self":[{"href":"https:\/\/informeagropecuario.com.ar\/index.php?rest_route=\/wp\/v2\/posts\/26208","targetHints":{"allow":["GET"]}}],"collection":[{"href":"https:\/\/informeagropecuario.com.ar\/index.php?rest_route=\/wp\/v2\/posts"}],"about":[{"href":"https:\/\/informeagropecuario.com.ar\/index.php?rest_route=\/wp\/v2\/types\/post"}],"author":[{"embeddable":true,"href":"https:\/\/informeagropecuario.com.ar\/index.php?rest_route=\/wp\/v2\/users\/1"}],"replies":[{"embeddable":true,"href":"https:\/\/informeagropecuario.com.ar\/index.php?rest_route=%2Fwp%2Fv2%2Fcomments&post=26208"}],"version-history":[{"count":1,"href":"https:\/\/informeagropecuario.com.ar\/index.php?rest_route=\/wp\/v2\/posts\/26208\/revisions"}],"predecessor-version":[{"id":26210,"href":"https:\/\/informeagropecuario.com.ar\/index.php?rest_route=\/wp\/v2\/posts\/26208\/revisions\/26210"}],"wp:featuredmedia":[{"embeddable":true,"href":"https:\/\/informeagropecuario.com.ar\/index.php?rest_route=\/wp\/v2\/media\/26209"}],"wp:attachment":[{"href":"https:\/\/informeagropecuario.com.ar\/index.php?rest_route=%2Fwp%2Fv2%2Fmedia&parent=26208"}],"wp:term":[{"taxonomy":"category","embeddable":true,"href":"https:\/\/informeagropecuario.com.ar\/index.php?rest_route=%2Fwp%2Fv2%2Fcategories&post=26208"},{"taxonomy":"post_tag","embeddable":true,"href":"https:\/\/informeagropecuario.com.ar\/index.php?rest_route=%2Fwp%2Fv2%2Ftags&post=26208"}],"curies":[{"name":"wp","href":"https:\/\/api.w.org\/{rel}","templated":true}]}}