{"id":26211,"date":"2025-06-27T17:00:55","date_gmt":"2025-06-27T20:00:55","guid":{"rendered":"http:\/\/informeagropecuario.com.ar\/?p=26211"},"modified":"2025-06-27T17:00:55","modified_gmt":"2025-06-27T20:00:55","slug":"el-gobierno-nacional-vuelve-a-subir-las-retenciones-para-soja-y-maiz-desde-julio","status":"publish","type":"post","link":"https:\/\/informeagropecuario.com.ar\/?p=26211","title":{"rendered":"El Gobierno nacional vuelve a subir las retenciones para soja y ma\u00edz desde julio"},"content":{"rendered":"\n<p><strong>El Gobierno nacional oficializ\u00f3 este viernes que, a partir del 1\u00b0 de julio, volver\u00e1n a incrementarse las retenciones para la soja y el ma\u00edz, una decisi\u00f3n que gener\u00f3 fuerte rechazo en el sector agropecuario.<\/strong><\/p>\n\n\n\n<p>El Gobierno nacional oficializ\u00f3 este viernes que, a partir del 1\u00b0 de julio, vuelven a subir las retenciones para la soja, el ma\u00edz, el girasol y el sorgo, una medida que reaviva el malestar en el sector agropecuario justo cuando la cosecha gruesa comienza a llegar a los puertos.<\/p>\n\n\n\n<p>A diferencia del trigo y la cebada, que seguir\u00e1n gozando de un esquema especial, el decreto publicado en el Bolet\u00edn Oficial no incluy\u00f3 a estos otros cultivos en el anexo de pr\u00f3rroga, lo que implica que vuelven a regir los derechos de exportaci\u00f3n previos a la rebaja temporal de enero de este a\u00f1o.<\/p>\n\n\n\n<p>Con este cambio, el esquema impositivo para los principales cultivos quedar\u00e1 as\u00ed:<\/p>\n\n\n\n<ul class=\"wp-block-list\">\n<li><strong>Soja:<\/strong> sube del 26% al 33%, recuperando el nivel vigente antes de la rebaja temporal que rigi\u00f3 desde enero de 2025.<\/li>\n\n\n\n<li><strong>Ma\u00edz y sorgo:<\/strong> pasan del 9,5% al 12%.<\/li>\n\n\n\n<li><strong>Girasol:<\/strong> del 5,5% al 7%.<\/li>\n<\/ul>\n\n\n\n<p>En los considerandos del decreto, el Poder Ejecutivo argument\u00f3 que \u201ccomo resultado del desempe\u00f1o de las medidas adoptadas, es necesario prorrogar el plazo \u00fanicamente para los productos listados\u201d \u2014trigo y cebada\u2014 con el objetivo de \u201cseguir garantizando la eficacia en su exportaci\u00f3n\u201d.<\/p>\n\n\n\n<p>La rebaja de retenciones, que estuvo vigente desde el 27 de enero, hab\u00eda servido como incentivo para acelerar la liquidaci\u00f3n de divisas por parte del complejo agroexportador. De acuerdo a datos oficiales, en ese per\u00edodo se exportaron 15,8 millones de toneladas de subproductos de soja, 17,9 millones de ma\u00edz, 6,5 millones de poroto de soja y 3,8 millones de aceite de soja, lo que habr\u00eda representado un ingreso de aproximadamente <strong>US$ 5.000 millones<\/strong> en apenas dos semanas.<\/p>\n\n\n\n<p>Para el campo, el regreso a las al\u00edcuotas m\u00e1s altas implica un aumento de la presi\u00f3n fiscal en un momento clave. La industria sojera, en particular, hab\u00eda ganado competitividad con la baja del 33% al 26% y ahora vuelve a enfrentar una mayor carga tributaria.<\/p>\n\n\n\n<p>Desde las entidades del agro ya expresaron su malestar y advirtieron que la decisi\u00f3n podr\u00eda desalentar ventas y retrasar la liquidaci\u00f3n de divisas justo cuando el Gobierno necesita reforzar las reservas. Adem\u00e1s, sostienen que la suba de retenciones golpea la rentabilidad de los productores y genera incertidumbre sobre la planificaci\u00f3n de la pr\u00f3xima campa\u00f1a.<\/p>\n\n\n\n<p><\/p>\n","protected":false},"excerpt":{"rendered":"<p>El Gobierno nacional oficializ\u00f3 este viernes que, a partir del 1\u00b0 de julio, volver\u00e1n a<\/p>\n","protected":false},"author":1,"featured_media":26212,"comment_status":"open","ping_status":"open","sticky":false,"template":"","format":"standard","meta":{"footnotes":""},"categories":[20],"tags":[],"class_list":["post-26211","post","type-post","status-publish","format-standard","has-post-thumbnail","hentry","category-actualidad"],"_links":{"self":[{"href":"https:\/\/informeagropecuario.com.ar\/index.php?rest_route=\/wp\/v2\/posts\/26211","targetHints":{"allow":["GET"]}}],"collection":[{"href":"https:\/\/informeagropecuario.com.ar\/index.php?rest_route=\/wp\/v2\/posts"}],"about":[{"href":"https:\/\/informeagropecuario.com.ar\/index.php?rest_route=\/wp\/v2\/types\/post"}],"author":[{"embeddable":true,"href":"https:\/\/informeagropecuario.com.ar\/index.php?rest_route=\/wp\/v2\/users\/1"}],"replies":[{"embeddable":true,"href":"https:\/\/informeagropecuario.com.ar\/index.php?rest_route=%2Fwp%2Fv2%2Fcomments&post=26211"}],"version-history":[{"count":1,"href":"https:\/\/informeagropecuario.com.ar\/index.php?rest_route=\/wp\/v2\/posts\/26211\/revisions"}],"predecessor-version":[{"id":26213,"href":"https:\/\/informeagropecuario.com.ar\/index.php?rest_route=\/wp\/v2\/posts\/26211\/revisions\/26213"}],"wp:featuredmedia":[{"embeddable":true,"href":"https:\/\/informeagropecuario.com.ar\/index.php?rest_route=\/wp\/v2\/media\/26212"}],"wp:attachment":[{"href":"https:\/\/informeagropecuario.com.ar\/index.php?rest_route=%2Fwp%2Fv2%2Fmedia&parent=26211"}],"wp:term":[{"taxonomy":"category","embeddable":true,"href":"https:\/\/informeagropecuario.com.ar\/index.php?rest_route=%2Fwp%2Fv2%2Fcategories&post=26211"},{"taxonomy":"post_tag","embeddable":true,"href":"https:\/\/informeagropecuario.com.ar\/index.php?rest_route=%2Fwp%2Fv2%2Ftags&post=26211"}],"curies":[{"name":"wp","href":"https:\/\/api.w.org\/{rel}","templated":true}]}}