{"id":26439,"date":"2025-07-13T12:11:32","date_gmt":"2025-07-13T15:11:32","guid":{"rendered":"https:\/\/informeagropecuario.com.ar\/?p=26439"},"modified":"2025-07-13T12:11:33","modified_gmt":"2025-07-13T15:11:33","slug":"13-de-julio-dia-de-la-electricidad","status":"publish","type":"post","link":"https:\/\/informeagropecuario.com.ar\/?p=26439","title":{"rendered":"13 de julio \u00abD\u00eda de la electricidad\u00bb"},"content":{"rendered":"\n<p><strong>En este D\u00eda de la Electricidad, celebramos la energ\u00eda que nos une y nos impulsa<\/strong><\/p>\n\n\n\n<p><strong>Desde el Consejo de Administraci\u00f3n de la Usina Popular Cooperativa \u201cSebasti\u00e1n de Mar\u00eda\u201d de Necochea, queremos saludar con profundo orgullo y gratitud a todas las personas que, con su esfuerzo y compromiso, hacen posible que la electricidad llegue a cada rinc\u00f3n de nuestra ciudad y la regi\u00f3n.<\/strong><\/p>\n\n\n\n<p>Cada cable tendido, cada conexi\u00f3n reparada, cada mantenimiento realizado, representa mucho m\u00e1s que un servicio: es la certeza de que nuestros hogares seguir\u00e1n ilumin\u00e1ndose, nuestras industrias y comercios podr\u00e1n seguir produciendo, y nuestras familias podr\u00e1n vivir con mayor confort y seguridad.<\/p>\n\n\n\n<p>A nuestros trabajadores y trabajadoras, quienes d\u00eda a d\u00eda enfrentan desaf\u00edos clim\u00e1ticos, t\u00e9cnicos y humanos para garantizar la calidad y continuidad del servicio, les decimos <strong>gracias<\/strong>. Su labor silenciosa y constante sostiene uno de los pilares del progreso: la energ\u00eda el\u00e9ctrica.<\/p>\n\n\n\n<p>Tambi\u00e9n extendemos nuestro saludo y reconocimiento a los electricistas independientes, t\u00e9cnicos, ingenieros y profesionales del sector, quienes con vocaci\u00f3n, capacitaci\u00f3n y responsabilidad colaboran para que la electricidad sea sin\u00f3nimo de desarrollo y bienestar.<\/p>\n\n\n\n<p>En este <strong>D\u00eda de la Electricidad<\/strong>, reafirmamos nuestro compromiso cooperativo de seguir invirtiendo en infraestructura, innovaci\u00f3n y capacitaci\u00f3n, para que Necochea siga creciendo de la mano de una energ\u00eda segura, eficiente y accesible para todos.<\/p>\n\n\n\n<p>A todos ustedes, que son parte de esta red que ilumina nuestra comunidad:<br><strong>\u00a1Feliz D\u00eda de la Electricidad!<\/strong><\/p>\n","protected":false},"excerpt":{"rendered":"<p>En este D\u00eda de la Electricidad, celebramos la energ\u00eda que nos une y nos impulsa<\/p>\n","protected":false},"author":1,"featured_media":26440,"comment_status":"open","ping_status":"open","sticky":false,"template":"","format":"standard","meta":{"footnotes":""},"categories":[20],"tags":[],"class_list":["post-26439","post","type-post","status-publish","format-standard","has-post-thumbnail","hentry","category-actualidad"],"_links":{"self":[{"href":"https:\/\/informeagropecuario.com.ar\/index.php?rest_route=\/wp\/v2\/posts\/26439","targetHints":{"allow":["GET"]}}],"collection":[{"href":"https:\/\/informeagropecuario.com.ar\/index.php?rest_route=\/wp\/v2\/posts"}],"about":[{"href":"https:\/\/informeagropecuario.com.ar\/index.php?rest_route=\/wp\/v2\/types\/post"}],"author":[{"embeddable":true,"href":"https:\/\/informeagropecuario.com.ar\/index.php?rest_route=\/wp\/v2\/users\/1"}],"replies":[{"embeddable":true,"href":"https:\/\/informeagropecuario.com.ar\/index.php?rest_route=%2Fwp%2Fv2%2Fcomments&post=26439"}],"version-history":[{"count":1,"href":"https:\/\/informeagropecuario.com.ar\/index.php?rest_route=\/wp\/v2\/posts\/26439\/revisions"}],"predecessor-version":[{"id":26441,"href":"https:\/\/informeagropecuario.com.ar\/index.php?rest_route=\/wp\/v2\/posts\/26439\/revisions\/26441"}],"wp:featuredmedia":[{"embeddable":true,"href":"https:\/\/informeagropecuario.com.ar\/index.php?rest_route=\/wp\/v2\/media\/26440"}],"wp:attachment":[{"href":"https:\/\/informeagropecuario.com.ar\/index.php?rest_route=%2Fwp%2Fv2%2Fmedia&parent=26439"}],"wp:term":[{"taxonomy":"category","embeddable":true,"href":"https:\/\/informeagropecuario.com.ar\/index.php?rest_route=%2Fwp%2Fv2%2Fcategories&post=26439"},{"taxonomy":"post_tag","embeddable":true,"href":"https:\/\/informeagropecuario.com.ar\/index.php?rest_route=%2Fwp%2Fv2%2Ftags&post=26439"}],"curies":[{"name":"wp","href":"https:\/\/api.w.org\/{rel}","templated":true}]}}