{"id":26443,"date":"2025-07-15T13:03:42","date_gmt":"2025-07-15T16:03:42","guid":{"rendered":"https:\/\/informeagropecuario.com.ar\/?p=26443"},"modified":"2025-07-15T13:03:43","modified_gmt":"2025-07-15T16:03:43","slug":"milei-se-reunio-con-la-mesa-de-enlace-en-palermo-dialogo-abierto-pero-sin-definiciones-sobre-retenciones","status":"publish","type":"post","link":"https:\/\/informeagropecuario.com.ar\/?p=26443","title":{"rendered":"Milei se reuni\u00f3 con la Mesa de Enlace en Palermo: di\u00e1logo abierto pero sin definiciones sobre retenciones"},"content":{"rendered":"\n<p><strong>A dos d\u00edas del inicio de la 137\u00b0 Exposici\u00f3n Rural de Palermo, el presidente de la Naci\u00f3n, Javier Milei, mantuvo un extenso encuentro con los principales referentes de la Mesa de Enlace, en medio de un clima de expectativa y reclamos crecientes del sector agropecuario.<\/strong><\/p>\n\n\n\n<p>La reuni\u00f3n, que se prolong\u00f3 por casi dos horas en el predio de la Sociedad Rural Argentina (SRA), tuvo como eje central la situaci\u00f3n impositiva y las trabas que enfrenta el campo, en particular la cuesti\u00f3n de las <strong>retenciones a la exportaci\u00f3n<\/strong>, un tema sensible para la producci\u00f3n y las econom\u00edas regionales.<\/p>\n\n\n\n<h3 class=\"wp-block-heading\"><strong>Un sector expectante y sin respuestas concretas<\/strong><\/h3>\n\n\n\n<p>El di\u00e1logo se dio en un contexto de tensi\u00f3n: el pasado 30 de junio venci\u00f3 la ventana temporal de reducci\u00f3n de retenciones para la soja y el ma\u00edz, dos de los principales cultivos de exportaci\u00f3n del pa\u00eds, mientras que la baja impositiva se mantuvo solo para el trigo y la cebada.<\/p>\n\n\n\n<p>Esta situaci\u00f3n gener\u00f3 malestar entre productores y dirigentes rurales, que ven\u00edan reclamando una baja definitiva de estos tributos para poder competir en un mercado internacional con precios deprimidos y un tipo de cambio real que consideran a\u00fan insuficiente, pese a las recientes subas del d\u00f3lar oficial.<\/p>\n\n\n\n<p>Durante el encuentro, Milei insisti\u00f3 en su compromiso con el sector agropecuario y expres\u00f3 que las retenciones \u201c<strong>est\u00e1n en la mira<\/strong>\u201d, pero fue claro al remarcar que, por ahora, no es viable su eliminaci\u00f3n total. Seg\u00fan trascendi\u00f3, el mandatario destac\u00f3 su entusiasmo por las oportunidades que se abren para Argentina en materia de <strong>apertura de mercados internacionales<\/strong>, aunque evit\u00f3 precisar plazos o medidas concretas.<\/p>\n\n\n\n<h3 class=\"wp-block-heading\"><strong>Cr\u00edticas de la dirigencia rural<\/strong><\/h3>\n\n\n\n<p>Las expectativas del sector contrastan con la realidad. D\u00edas atr\u00e1s, <strong>Ignacio Kovarsky<\/strong>, presidente de la <strong>Confederaci\u00f3n de Asociaciones Rurales de Buenos Aires y La Pampa (CARBAP)<\/strong>, una de las entidades m\u00e1s influyentes dentro de <strong>CRA<\/strong>, hab\u00eda lanzado duras cr\u00edticas contra la administraci\u00f3n nacional.<\/p>\n\n\n\n<p>\u201cEste Gobierno todav\u00eda no cumpli\u00f3 nada\u201d, sentenci\u00f3 Kovarsky, quien sostuvo que el <strong>bolsillo del productor no aguanta m\u00e1s<\/strong> y que los impuestos a la exportaci\u00f3n son \u201c<strong>un robo, con cualquier gobierno<\/strong>\u201d. Para el dirigente, la falta de definiciones concretas agrava la incertidumbre en un contexto econ\u00f3mico que, pese a algunos indicadores positivos, todav\u00eda muestra se\u00f1ales de fragilidad para el productor agropecuario.<\/p>\n\n\n\n<h3 class=\"wp-block-heading\"><strong>La Rural, escenario de tensiones y esperanza<\/strong><\/h3>\n\n\n\n<p>El escenario elegido para la reuni\u00f3n no es menor. La <strong>Exposici\u00f3n Rural de Palermo<\/strong> es, hist\u00f3ricamente, el punto de encuentro m\u00e1s emblem\u00e1tico del campo argentino con la pol\u00edtica, la sociedad y los negocios. Este jueves abrir\u00e1 sus puertas al p\u00fablico, exhibiendo no solo la tradicional muestra ganadera, sino tambi\u00e9n las \u00faltimas innovaciones tecnol\u00f3gicas aplicadas al agro y una variada agenda de actividades institucionales y comerciales.<\/p>\n\n\n\n<p>Para el Gobierno, se trata de un term\u00f3metro clave para medir el humor del campo, un sector que representa uno de los motores de la econom\u00eda nacional, generador de divisas y empleo a lo largo y ancho del pa\u00eds.<\/p>\n\n\n\n<p>Sin embargo, la postergaci\u00f3n de medidas que permitan aliviar la presi\u00f3n impositiva amenaza con tensionar a\u00fan m\u00e1s la relaci\u00f3n con uno de los principales aliados que Milei supo cultivar durante su campa\u00f1a.<\/p>\n\n\n\n<h3 class=\"wp-block-heading\"><strong>Expectativa por anuncios futuros<\/strong><\/h3>\n\n\n\n<p>Pese a la falta de definiciones inmediatas, desde la Mesa de Enlace destacaron la voluntad de di\u00e1logo y remarcaron que se mantendr\u00e1n abiertos los canales de negociaci\u00f3n para insistir con la demanda de una <strong>baja estructural y permanente de las retenciones<\/strong>.<\/p>\n\n\n\n<p>El propio Milei, por su parte, reafirm\u00f3 su convicci\u00f3n de avanzar en un plan de desregulaci\u00f3n y apertura que permita mejorar la competitividad del agro argentino en los mercados internacionales. Sin embargo, la realidad fiscal del pa\u00eds, las restricciones presupuestarias y la necesidad de sostener ingresos fiscales clave siguen siendo un escollo para decisiones m\u00e1s profundas.<\/p>\n\n\n\n<h3 class=\"wp-block-heading\"><strong>Un sector que no quiere esperar m\u00e1s<\/strong><\/h3>\n\n\n\n<p>Mientras tanto, los productores advierten que la falta de medidas concretas impacta directamente en la pr\u00f3xima campa\u00f1a y en la rentabilidad de miles de explotaciones agropecuarias. La esperanza, para muchos, es que la Exposici\u00f3n Rural sirva como marco para anuncios m\u00e1s contundentes o, al menos, para reafirmar compromisos que se traduzcan en medidas palpables en el corto plazo.<\/p>\n\n\n\n<p>De lo contrario, los dirigentes rurales no descartan que el malestar se traduzca en acciones m\u00e1s firmes de protesta y presi\u00f3n, en defensa de un reclamo hist\u00f3rico: producir sin ser penalizados por exportar.<\/p>\n","protected":false},"excerpt":{"rendered":"<p>A dos d\u00edas del inicio de la 137\u00b0 Exposici\u00f3n Rural de Palermo, el presidente de<\/p>\n","protected":false},"author":1,"featured_media":26444,"comment_status":"open","ping_status":"open","sticky":false,"template":"","format":"standard","meta":{"footnotes":""},"categories":[20],"tags":[],"class_list":["post-26443","post","type-post","status-publish","format-standard","has-post-thumbnail","hentry","category-actualidad"],"_links":{"self":[{"href":"https:\/\/informeagropecuario.com.ar\/index.php?rest_route=\/wp\/v2\/posts\/26443","targetHints":{"allow":["GET"]}}],"collection":[{"href":"https:\/\/informeagropecuario.com.ar\/index.php?rest_route=\/wp\/v2\/posts"}],"about":[{"href":"https:\/\/informeagropecuario.com.ar\/index.php?rest_route=\/wp\/v2\/types\/post"}],"author":[{"embeddable":true,"href":"https:\/\/informeagropecuario.com.ar\/index.php?rest_route=\/wp\/v2\/users\/1"}],"replies":[{"embeddable":true,"href":"https:\/\/informeagropecuario.com.ar\/index.php?rest_route=%2Fwp%2Fv2%2Fcomments&post=26443"}],"version-history":[{"count":1,"href":"https:\/\/informeagropecuario.com.ar\/index.php?rest_route=\/wp\/v2\/posts\/26443\/revisions"}],"predecessor-version":[{"id":26445,"href":"https:\/\/informeagropecuario.com.ar\/index.php?rest_route=\/wp\/v2\/posts\/26443\/revisions\/26445"}],"wp:featuredmedia":[{"embeddable":true,"href":"https:\/\/informeagropecuario.com.ar\/index.php?rest_route=\/wp\/v2\/media\/26444"}],"wp:attachment":[{"href":"https:\/\/informeagropecuario.com.ar\/index.php?rest_route=%2Fwp%2Fv2%2Fmedia&parent=26443"}],"wp:term":[{"taxonomy":"category","embeddable":true,"href":"https:\/\/informeagropecuario.com.ar\/index.php?rest_route=%2Fwp%2Fv2%2Fcategories&post=26443"},{"taxonomy":"post_tag","embeddable":true,"href":"https:\/\/informeagropecuario.com.ar\/index.php?rest_route=%2Fwp%2Fv2%2Ftags&post=26443"}],"curies":[{"name":"wp","href":"https:\/\/api.w.org\/{rel}","templated":true}]}}