{"id":26446,"date":"2025-07-15T16:48:42","date_gmt":"2025-07-15T19:48:42","guid":{"rendered":"https:\/\/informeagropecuario.com.ar\/?p=26446"},"modified":"2025-07-15T16:48:43","modified_gmt":"2025-07-15T19:48:43","slug":"carbap-convoca-a-una-reunion-zonal-ampliada-en-9-de-julio-para-debatir-la-agenda-del-campo","status":"publish","type":"post","link":"https:\/\/informeagropecuario.com.ar\/?p=26446","title":{"rendered":"Carbap convoca a una reuni\u00f3n zonal ampliada en 9 de Julio para debatir la agenda del campo"},"content":{"rendered":"\n<p><strong>Este jueves, la Confederaci\u00f3n de Asociaciones Rurales de Buenos Aires y La Pampa (Carbap), una de las entidades que integran Confederaciones Rurales Argentinas (CRA), llevar\u00e1 adelante una reuni\u00f3n zonal ampliada en la Sociedad Rural de 9 de Julio.<\/strong><\/p>\n\n\n\n<p>El encuentro tiene como objetivo principal \u201cponer sobre la mesa los temas que nos preocupan y construir juntos las respuestas que el campo necesita\u201d, seg\u00fan expresaron desde la conducci\u00f3n de la entidad. Se espera la participaci\u00f3n de productores, dirigentes rurales y representantes de distintas asociaciones de base, en un contexto en el que la agenda del sector agropecuario vuelve a cobrar centralidad por las pol\u00edticas econ\u00f3micas, la presi\u00f3n impositiva y la situaci\u00f3n clim\u00e1tica.<\/p>\n\n\n\n<p>Desde Carbap remarcaron la importancia de este tipo de reuniones, que permiten tomar contacto directo con la realidad de cada zona productiva y recabar de primera mano inquietudes, propuestas y reclamos. Adem\u00e1s, es una instancia para delinear estrategias comunes y fortalecer el v\u00ednculo entre las rurales locales y la conducci\u00f3n de la Confederaci\u00f3n.<\/p>\n\n\n\n<p>Entre los temas que se abordar\u00e1n figuran las retenciones a las exportaciones, la infraestructura vial y rural, la seguridad en los campos, la situaci\u00f3n de la ganader\u00eda y la lecher\u00eda, la problem\u00e1tica impositiva y la necesidad de contar con reglas de juego claras para promover la inversi\u00f3n y la producci\u00f3n. Tambi\u00e9n se espera que se analice el escenario pol\u00edtico y econ\u00f3mico actual y las perspectivas para lo que resta del a\u00f1o.<\/p>\n\n\n\n<p>\u201cEs fundamental escucharnos, compartir experiencias y articular acciones para defender la producci\u00f3n y el trabajo del campo. Hoy m\u00e1s que nunca debemos estar unidos y organizados para que la voz de los productores sea tenida en cuenta\u201d, destacaron desde la organizaci\u00f3n.<\/p>\n\n\n\n<p>Carbap, fundada en 1932, agrupa a m\u00e1s de 114 asociaciones rurales de Buenos Aires y La Pampa y es un actor clave en la representaci\u00f3n del sector agropecuario en la regi\u00f3n pampeana. Estas reuniones zonales forman parte de su estrategia para reforzar la participaci\u00f3n federal y la construcci\u00f3n de consensos que permitan abordar los desaf\u00edos del sector con una mirada territorial.<\/p>\n\n\n\n<p>El encuentro se realizar\u00e1 en la sede de la Sociedad Rural de 9 de Julio y se prev\u00e9 que, una vez finalizada la jornada, se difunda un documento con las conclusiones y l\u00edneas de acci\u00f3n acordadas.<\/p>\n\n\n\n<p><\/p>\n","protected":false},"excerpt":{"rendered":"<p>Este jueves, la Confederaci\u00f3n de Asociaciones Rurales de Buenos Aires y La Pampa (Carbap), una<\/p>\n","protected":false},"author":1,"featured_media":26447,"comment_status":"open","ping_status":"open","sticky":false,"template":"","format":"standard","meta":{"footnotes":""},"categories":[20],"tags":[],"class_list":["post-26446","post","type-post","status-publish","format-standard","has-post-thumbnail","hentry","category-actualidad"],"_links":{"self":[{"href":"https:\/\/informeagropecuario.com.ar\/index.php?rest_route=\/wp\/v2\/posts\/26446","targetHints":{"allow":["GET"]}}],"collection":[{"href":"https:\/\/informeagropecuario.com.ar\/index.php?rest_route=\/wp\/v2\/posts"}],"about":[{"href":"https:\/\/informeagropecuario.com.ar\/index.php?rest_route=\/wp\/v2\/types\/post"}],"author":[{"embeddable":true,"href":"https:\/\/informeagropecuario.com.ar\/index.php?rest_route=\/wp\/v2\/users\/1"}],"replies":[{"embeddable":true,"href":"https:\/\/informeagropecuario.com.ar\/index.php?rest_route=%2Fwp%2Fv2%2Fcomments&post=26446"}],"version-history":[{"count":1,"href":"https:\/\/informeagropecuario.com.ar\/index.php?rest_route=\/wp\/v2\/posts\/26446\/revisions"}],"predecessor-version":[{"id":26448,"href":"https:\/\/informeagropecuario.com.ar\/index.php?rest_route=\/wp\/v2\/posts\/26446\/revisions\/26448"}],"wp:featuredmedia":[{"embeddable":true,"href":"https:\/\/informeagropecuario.com.ar\/index.php?rest_route=\/wp\/v2\/media\/26447"}],"wp:attachment":[{"href":"https:\/\/informeagropecuario.com.ar\/index.php?rest_route=%2Fwp%2Fv2%2Fmedia&parent=26446"}],"wp:term":[{"taxonomy":"category","embeddable":true,"href":"https:\/\/informeagropecuario.com.ar\/index.php?rest_route=%2Fwp%2Fv2%2Fcategories&post=26446"},{"taxonomy":"post_tag","embeddable":true,"href":"https:\/\/informeagropecuario.com.ar\/index.php?rest_route=%2Fwp%2Fv2%2Ftags&post=26446"}],"curies":[{"name":"wp","href":"https:\/\/api.w.org\/{rel}","templated":true}]}}