{"id":26449,"date":"2025-07-15T17:34:28","date_gmt":"2025-07-15T20:34:28","guid":{"rendered":"https:\/\/informeagropecuario.com.ar\/?p=26449"},"modified":"2025-07-15T17:34:28","modified_gmt":"2025-07-15T20:34:28","slug":"necochea-proyectan-la-instalacion-de-una-malteria-a-orillas-del-rio-quequen","status":"publish","type":"post","link":"https:\/\/informeagropecuario.com.ar\/?p=26449","title":{"rendered":"Necochea: proyectan la instalaci\u00f3n de una malter\u00eda a orillas del r\u00edo Quequ\u00e9n"},"content":{"rendered":"\n<p><strong>En un contexto de b\u00fasqueda de nuevas inversiones productivas que potencien el desarrollo local, Necochea podr\u00eda sumar pr\u00f3ximamente una malter\u00eda de gran envergadura, proyectada para instalarse a orillas del r\u00edo Quequ\u00e9n.<\/strong><\/p>\n\n\n\n<p>La iniciativa, que se encuentra en etapa de evaluaci\u00f3n t\u00e9cnica y ambiental, despierta expectativas en distintos sectores productivos y genera debate entre autoridades, vecinos y referentes ambientalistas.<\/p>\n\n\n\n<h3 class=\"wp-block-heading\"><strong>Una apuesta para diversificar la matriz productiva<\/strong><\/h3>\n\n\n\n<p>El proyecto, impulsado por un grupo inversor con experiencia en la industria cervecera y agroindustrial, contempla la construcci\u00f3n de una planta procesadora de malta sobre terrenos cercanos al puerto de Quequ\u00e9n, aprovechando la cercan\u00eda con zonas de cultivo de cebada y la conexi\u00f3n log\u00edstica que ofrece el puerto y la red ferroviaria.<\/p>\n\n\n\n<p>La idea es que la malter\u00eda pueda procesar la cebada que hoy se produce en la regi\u00f3n y se exporta mayormente como grano sin valor agregado. De esta forma, se generar\u00eda un eslab\u00f3n industrial clave para la cadena cervecera, incrementando la capacidad de empleo local y sumando divisas con productos elaborados.<\/p>\n\n\n\n<h3 class=\"wp-block-heading\"><strong>Inversi\u00f3n, empleo y desarrollo local<\/strong><\/h3>\n\n\n\n<p>Seg\u00fan los primeros datos trascendidos, la inversi\u00f3n inicial rondar\u00eda los 60 millones de d\u00f3lares y permitir\u00eda generar alrededor de 200 empleos directos durante la construcci\u00f3n y unos 100 puestos de trabajo permanentes una vez que la planta est\u00e9 en funcionamiento.<\/p>\n\n\n\n<p>Los promotores del proyecto subrayan que Necochea re\u00fane condiciones estrat\u00e9gicas: abundancia de materia prima, disponibilidad de mano de obra calificada y una ubicaci\u00f3n privilegiada para la exportaci\u00f3n hacia mercados como Brasil, China y Europa.<\/p>\n\n\n\n<h3 class=\"wp-block-heading\"><strong>Cuestiones ambientales: un punto clave del debate<\/strong><\/h3>\n\n\n\n<p>Sin embargo, la posible instalaci\u00f3n de la malter\u00eda a orillas del r\u00edo Quequ\u00e9n plantea interrogantes ambientales. Vecinos y organizaciones locales han manifestado preocupaci\u00f3n por el impacto que podr\u00eda tener una industria de este tipo sobre la cuenca h\u00eddrica, la biodiversidad del entorno ribere\u00f1o y la calidad de vida de la comunidad.<\/p>\n\n\n\n<p>Desde el grupo inversor aseguraron que el dise\u00f1o de la planta contemplar\u00e1 tecnolog\u00edas de \u00faltima generaci\u00f3n para minimizar emisiones y efluentes, cumpliendo con est\u00e1ndares internacionales de sostenibilidad. Adem\u00e1s, se comprometieron a abrir instancias de di\u00e1logo p\u00fablico para explicar el proyecto y atender inquietudes.<\/p>\n\n\n\n<h3 class=\"wp-block-heading\"><strong>El municipio y el Concejo Deliberante, atentos a la propuesta<\/strong><\/h3>\n\n\n\n<p>Autoridades municipales confirmaron que el proyecto fue presentado de manera preliminar y que se est\u00e1n analizando los estudios de prefactibilidad. El intendente destac\u00f3 que se buscar\u00e1 compatibilizar la generaci\u00f3n de empleo con el respeto al ambiente y el uso responsable del recurso h\u00eddrico.<\/p>\n\n\n\n<p>Por su parte, concejales de diferentes bloques anticiparon que cualquier avance depender\u00e1 de la presentaci\u00f3n de un Estudio de Impacto Ambiental exhaustivo, audiencias p\u00fablicas y la consulta a especialistas independientes.<\/p>\n\n\n\n<h3 class=\"wp-block-heading\"><strong>Opiniones encontradas en la comunidad<\/strong><\/h3>\n\n\n\n<p>Mientras algunos sectores productivos, como la C\u00e1mara Comercial e Industrial local, celebraron la posibilidad de sumar valor agregado a la producci\u00f3n agropecuaria y revitalizar el movimiento portuario, desde organizaciones ambientalistas recordaron antecedentes de conflictos por la contaminaci\u00f3n de r\u00edos en otras ciudades con industrias similares.<\/p>\n\n\n\n<p>Vecinos autoconvocados ya organizan reuniones para informarse y solicitar que se eval\u00faen alternativas de ubicaci\u00f3n que no comprometan zonas sensibles del r\u00edo.<\/p>\n\n\n\n<h3 class=\"wp-block-heading\"><strong>Perspectivas a corto y mediano plazo<\/strong><\/h3>\n\n\n\n<p>En las pr\u00f3ximas semanas se espera que se avance en la presentaci\u00f3n de documentaci\u00f3n t\u00e9cnica, as\u00ed como en mesas de trabajo entre inversores, municipio, Provincia y la comunidad. De concretarse, la malter\u00eda podr\u00eda comenzar a construirse en 2026 y estar\u00eda operativa hacia finales de 2027.<\/p>\n\n\n\n<p>M\u00e1s all\u00e1 de la discusi\u00f3n puntual, el proyecto vuelve a poner en agenda la necesidad de pensar el desarrollo de Necochea conjugando producci\u00f3n, empleo y cuidado ambiental, con el r\u00edo Quequ\u00e9n como uno de los patrimonios naturales m\u00e1s importantes de la ciudad.<\/p>\n","protected":false},"excerpt":{"rendered":"<p>En un contexto de b\u00fasqueda de nuevas inversiones productivas que potencien el desarrollo local, Necochea<\/p>\n","protected":false},"author":1,"featured_media":26450,"comment_status":"open","ping_status":"open","sticky":false,"template":"","format":"standard","meta":{"footnotes":""},"categories":[20],"tags":[],"class_list":["post-26449","post","type-post","status-publish","format-standard","has-post-thumbnail","hentry","category-actualidad"],"_links":{"self":[{"href":"https:\/\/informeagropecuario.com.ar\/index.php?rest_route=\/wp\/v2\/posts\/26449","targetHints":{"allow":["GET"]}}],"collection":[{"href":"https:\/\/informeagropecuario.com.ar\/index.php?rest_route=\/wp\/v2\/posts"}],"about":[{"href":"https:\/\/informeagropecuario.com.ar\/index.php?rest_route=\/wp\/v2\/types\/post"}],"author":[{"embeddable":true,"href":"https:\/\/informeagropecuario.com.ar\/index.php?rest_route=\/wp\/v2\/users\/1"}],"replies":[{"embeddable":true,"href":"https:\/\/informeagropecuario.com.ar\/index.php?rest_route=%2Fwp%2Fv2%2Fcomments&post=26449"}],"version-history":[{"count":2,"href":"https:\/\/informeagropecuario.com.ar\/index.php?rest_route=\/wp\/v2\/posts\/26449\/revisions"}],"predecessor-version":[{"id":26452,"href":"https:\/\/informeagropecuario.com.ar\/index.php?rest_route=\/wp\/v2\/posts\/26449\/revisions\/26452"}],"wp:featuredmedia":[{"embeddable":true,"href":"https:\/\/informeagropecuario.com.ar\/index.php?rest_route=\/wp\/v2\/media\/26450"}],"wp:attachment":[{"href":"https:\/\/informeagropecuario.com.ar\/index.php?rest_route=%2Fwp%2Fv2%2Fmedia&parent=26449"}],"wp:term":[{"taxonomy":"category","embeddable":true,"href":"https:\/\/informeagropecuario.com.ar\/index.php?rest_route=%2Fwp%2Fv2%2Fcategories&post=26449"},{"taxonomy":"post_tag","embeddable":true,"href":"https:\/\/informeagropecuario.com.ar\/index.php?rest_route=%2Fwp%2Fv2%2Ftags&post=26449"}],"curies":[{"name":"wp","href":"https:\/\/api.w.org\/{rel}","templated":true}]}}