{"id":26453,"date":"2025-07-19T16:28:00","date_gmt":"2025-07-19T19:28:00","guid":{"rendered":"https:\/\/informeagropecuario.com.ar\/?p=26453"},"modified":"2025-07-19T16:28:01","modified_gmt":"2025-07-19T19:28:01","slug":"la-137a-exposicion-rural-de-palermo-arranco-con-una-fuerte-senal-politica","status":"publish","type":"post","link":"https:\/\/informeagropecuario.com.ar\/?p=26453","title":{"rendered":"La 137\u00aa Exposici\u00f3n Rural de Palermo arranc\u00f3 con una fuerte se\u00f1al pol\u00edtica"},"content":{"rendered":"\n<p><strong>En la inauguraci\u00f3n oficial no solo hubo cintas cortadas y discursos de rigor, sino tambi\u00e9n gestos concretos. Para Nicol\u00e1s Pino, presidente de la Sociedad Rural Argentina (SRA), la presencia del jefe de Gabinete de la Naci\u00f3n, Guillermo Francos, no fue un dato menor.<\/strong><\/p>\n\n\n\n<p>\u00abTodo lo que viene por delante va a ser para sorprenderse\u00bb, expres\u00f3 Pino con entusiasmo. Y a\u00f1adi\u00f3: \u00abQue est\u00e9 hoy ac\u00e1 el jefe de Gabinete es una muestra clara de que lo que dice el gobierno sobre el campo no son solo palabras, son hechos\u00bb.<\/p>\n\n\n\n<p>El dirigente rural remarc\u00f3 que el campo es \u00abel sector m\u00e1s competitivo y productivo del pa\u00eds\u00bb, y que el respaldo oficial \u00abno solo se ve en los discursos, sino tambi\u00e9n en las presencias\u00bb: primero fue el presidente Javier Milei, dos d\u00edas atr\u00e1s; y ahora Francos, en persona, en la pista central del predio de Palermo.<\/p>\n\n\n\n<figure class=\"wp-block-image\"><img decoding=\"async\" src=\"https:\/\/www.agrolatam.com\/files\/image\/61\/61335\/6878fec6b619f_700_454!.webp?s=6790c9fafdb62ea85fa8d0cb77afc7c7&amp;d=1752760008&amp;oe=jpg\" alt=\"Una exposici\u00f3n con mensaje pol\u00edtico y respaldo institucional\"\/><\/figure>\n\n\n\n<p>Por su parte, el funcionario nacional evit\u00f3 definiciones espec\u00edficas, pero asegur\u00f3 que el Gobierno est\u00e1 \u00abanalizando todo lo que corresponde\u00bb tras la reciente reuni\u00f3n con la Mesa de Enlace. \u00abHay que darle al Gobierno el tiempo necesario para seguir el camino que ya se ha trazado\u00bb, sostuvo.<\/p>\n\n\n\n<p>Consultado por la reuni\u00f3n con gobernadores prevista para esa misma jornada, Francos confirm\u00f3 su asistencia y adelant\u00f3 un \u00abdi\u00e1logo cordial, como siempre\u00bb. En cuanto a los reclamos por la obra p\u00fablica, fue tajante: \u00abLa infraestructura del pa\u00eds est\u00e1 mal, y eso es producto de 40 a\u00f1os de abandono, corrupci\u00f3n y desidia. Este gobierno est\u00e1 decidido a encararlo\u00bb.<\/p>\n\n\n\n<p>Y concluy\u00f3 con una advertencia: \u00abLlevamos un a\u00f1o y medio de gobierno. No pueden exigirle al presidente que solucione todos los problemas de golpe\u00bb.<\/p>\n\n\n\n<p>Con ese tel\u00f3n de fondo, la muestra rural m\u00e1s emblem\u00e1tica del pa\u00eds se puso en marcha como vitrina del potencial productivo, pero tambi\u00e9n como espacio donde el poder pol\u00edtico y el campo ajustan cuentas y afinan estrategias.<\/p>\n","protected":false},"excerpt":{"rendered":"<p>En la inauguraci\u00f3n oficial no solo hubo cintas cortadas y discursos de rigor, sino tambi\u00e9n<\/p>\n","protected":false},"author":1,"featured_media":26454,"comment_status":"open","ping_status":"open","sticky":false,"template":"","format":"standard","meta":{"footnotes":""},"categories":[20],"tags":[],"class_list":["post-26453","post","type-post","status-publish","format-standard","has-post-thumbnail","hentry","category-actualidad"],"_links":{"self":[{"href":"https:\/\/informeagropecuario.com.ar\/index.php?rest_route=\/wp\/v2\/posts\/26453","targetHints":{"allow":["GET"]}}],"collection":[{"href":"https:\/\/informeagropecuario.com.ar\/index.php?rest_route=\/wp\/v2\/posts"}],"about":[{"href":"https:\/\/informeagropecuario.com.ar\/index.php?rest_route=\/wp\/v2\/types\/post"}],"author":[{"embeddable":true,"href":"https:\/\/informeagropecuario.com.ar\/index.php?rest_route=\/wp\/v2\/users\/1"}],"replies":[{"embeddable":true,"href":"https:\/\/informeagropecuario.com.ar\/index.php?rest_route=%2Fwp%2Fv2%2Fcomments&post=26453"}],"version-history":[{"count":1,"href":"https:\/\/informeagropecuario.com.ar\/index.php?rest_route=\/wp\/v2\/posts\/26453\/revisions"}],"predecessor-version":[{"id":26455,"href":"https:\/\/informeagropecuario.com.ar\/index.php?rest_route=\/wp\/v2\/posts\/26453\/revisions\/26455"}],"wp:featuredmedia":[{"embeddable":true,"href":"https:\/\/informeagropecuario.com.ar\/index.php?rest_route=\/wp\/v2\/media\/26454"}],"wp:attachment":[{"href":"https:\/\/informeagropecuario.com.ar\/index.php?rest_route=%2Fwp%2Fv2%2Fmedia&parent=26453"}],"wp:term":[{"taxonomy":"category","embeddable":true,"href":"https:\/\/informeagropecuario.com.ar\/index.php?rest_route=%2Fwp%2Fv2%2Fcategories&post=26453"},{"taxonomy":"post_tag","embeddable":true,"href":"https:\/\/informeagropecuario.com.ar\/index.php?rest_route=%2Fwp%2Fv2%2Ftags&post=26453"}],"curies":[{"name":"wp","href":"https:\/\/api.w.org\/{rel}","templated":true}]}}