{"id":27445,"date":"2026-04-26T11:50:21","date_gmt":"2026-04-26T14:50:21","guid":{"rendered":"https:\/\/informeagropecuario.com.ar\/?p=27445"},"modified":"2026-04-26T11:50:22","modified_gmt":"2026-04-26T14:50:22","slug":"la-mesa-de-las-carnes-impulsa-cambios-en-el-iva-y-alerta-por-impacto-en-inversiones-y-empleo","status":"publish","type":"post","link":"https:\/\/informeagropecuario.com.ar\/?p=27445","title":{"rendered":"La Mesa de las Carnes impulsa cambios en el IVA y alerta por impacto en inversiones y empleo"},"content":{"rendered":"\n<p>La Mesa de las Carnes avanza en la elaboraci\u00f3n de un documento para presentar al Gobierno nacional con un reclamo central: corregir las distorsiones en el IVA que afectan la competitividad y las finanzas de las cadenas bovina, aviar y porcina.<\/p>\n\n\n\n<p>El problema radica en el desfasaje impositivo: mientras las ventas de carne tributan una al\u00edcuota del 10,5%, las empresas afrontan un 21% en la compra de insumos e inversiones. Esta diferencia genera saldos t\u00e9cnicos a favor que, seg\u00fan denuncian, no logran recuperar.<\/p>\n\n\n\n<p>El coordinador del espacio, Dardo Chiesa, mantuvo reuniones con el secretario de Coordinaci\u00f3n de la Producci\u00f3n, Pablo Lavigne, donde se analizaron alternativas como l\u00edneas de cr\u00e9dito a tasas subsidiadas o la posibilidad de compensar esos saldos con otros impuestos y cargas sociales. Desde el Gobierno buscan aplicar un mecanismo com\u00fan para las tres cadenas.<\/p>\n\n\n\n<p>En el caso de la carne vacuna, el foco est\u00e1 puesto en las exportaciones. \u201cHay IVA que se va con las exportaciones y no se recupera. En algunos casos el Estado no paga desde septiembre\u201d, advirti\u00f3 Chiesa, se\u00f1alando el impacto directo sobre la liquidez de los frigor\u00edficos.<\/p>\n\n\n\n<p>Para los sectores aviar y porcino, el eje del reclamo es el desbalance estructural entre ventas e insumos. En la cadena aviar, el saldo t\u00e9cnico inmovilizado alcanza unos 90.000 millones de pesos (alrededor de 64 millones de d\u00f3lares), mientras que en porcinos, aunque no hay cifras precisas, se reconoce un impacto significativo.<\/p>\n\n\n\n<p>\u201cLo que estamos planteando es un mecanismo de compensaci\u00f3n mediante el no pago de otros impuestos y cargas fiscales\u201d, explic\u00f3 el dirigente.<\/p>\n\n\n\n<p>Actualmente, cada cadena trabaja en el desarrollo de n\u00fameros t\u00e9cnicos para presentar una propuesta concreta. Desde el Gobierno se mostraron receptivos al planteo, en el marco de una eventual reforma fiscal.<\/p>\n\n\n\n<p>Chiesa advirti\u00f3 que la situaci\u00f3n afecta directamente al sector productivo: \u201cEsta distorsi\u00f3n vulnera las inversiones y el empleo. Las empresas deben recurrir al cr\u00e9dito mientras el Estado retiene recursos que podr\u00edan reinvertirse\u201d.<\/p>\n","protected":false},"excerpt":{"rendered":"<p>La Mesa de las Carnes avanza en la elaboraci\u00f3n de un documento para presentar al<\/p>\n","protected":false},"author":1,"featured_media":27446,"comment_status":"open","ping_status":"open","sticky":false,"template":"","format":"standard","meta":{"footnotes":""},"categories":[20],"tags":[],"class_list":["post-27445","post","type-post","status-publish","format-standard","has-post-thumbnail","hentry","category-actualidad"],"_links":{"self":[{"href":"https:\/\/informeagropecuario.com.ar\/index.php?rest_route=\/wp\/v2\/posts\/27445","targetHints":{"allow":["GET"]}}],"collection":[{"href":"https:\/\/informeagropecuario.com.ar\/index.php?rest_route=\/wp\/v2\/posts"}],"about":[{"href":"https:\/\/informeagropecuario.com.ar\/index.php?rest_route=\/wp\/v2\/types\/post"}],"author":[{"embeddable":true,"href":"https:\/\/informeagropecuario.com.ar\/index.php?rest_route=\/wp\/v2\/users\/1"}],"replies":[{"embeddable":true,"href":"https:\/\/informeagropecuario.com.ar\/index.php?rest_route=%2Fwp%2Fv2%2Fcomments&post=27445"}],"version-history":[{"count":1,"href":"https:\/\/informeagropecuario.com.ar\/index.php?rest_route=\/wp\/v2\/posts\/27445\/revisions"}],"predecessor-version":[{"id":27447,"href":"https:\/\/informeagropecuario.com.ar\/index.php?rest_route=\/wp\/v2\/posts\/27445\/revisions\/27447"}],"wp:featuredmedia":[{"embeddable":true,"href":"https:\/\/informeagropecuario.com.ar\/index.php?rest_route=\/wp\/v2\/media\/27446"}],"wp:attachment":[{"href":"https:\/\/informeagropecuario.com.ar\/index.php?rest_route=%2Fwp%2Fv2%2Fmedia&parent=27445"}],"wp:term":[{"taxonomy":"category","embeddable":true,"href":"https:\/\/informeagropecuario.com.ar\/index.php?rest_route=%2Fwp%2Fv2%2Fcategories&post=27445"},{"taxonomy":"post_tag","embeddable":true,"href":"https:\/\/informeagropecuario.com.ar\/index.php?rest_route=%2Fwp%2Fv2%2Ftags&post=27445"}],"curies":[{"name":"wp","href":"https:\/\/api.w.org\/{rel}","templated":true}]}}