{"id":27469,"date":"2026-04-28T15:29:44","date_gmt":"2026-04-28T18:29:44","guid":{"rendered":"https:\/\/informeagropecuario.com.ar\/?p=27469"},"modified":"2026-04-28T15:29:45","modified_gmt":"2026-04-28T18:29:45","slug":"el-senasa-autodeclaro-a-la-argentina-libre-de-gripe-aviar-y-apunta-a-reabrir-mercados","status":"publish","type":"post","link":"https:\/\/informeagropecuario.com.ar\/?p=27469","title":{"rendered":"EL SENASA AUTODECLAR\u00d3 A LA ARGENTINA LIBRE DE GRIPE AVIAR Y APUNTA A REABRIR MERCADOS"},"content":{"rendered":"\n<p>El Servicio Nacional de Sanidad y Calidad Agroalimentaria (Senasa) elev\u00f3 ante la Organizaci\u00f3n Mundial de Sanidad Animal (OMSA) el informe de autodeclaraci\u00f3n que establece a la Argentina como pa\u00eds libre de influenza aviar altamente pat\u00f3gena (IAAP), tras cerrar el \u00faltimo brote detectado en aves comerciales.<\/p>\n\n\n\n<p>La decisi\u00f3n se sustenta en m\u00e1s de 28 d\u00edas sin nuevos casos luego de las tareas sanitarias aplicadas en focos registrados en Ranchos, Lobos y Bol\u00edvar (Buenos Aires) y Alejo Ledesma (C\u00f3rdoba). Estas incluyeron despoblamiento, disposici\u00f3n final, limpieza y desinfecci\u00f3n, junto con una vigilancia epidemiol\u00f3gica intensiva, conforme a los est\u00e1ndares internacionales.<\/p>\n\n\n\n<p>Desde el Senasa se\u00f1alaron que esta autodeclaraci\u00f3n permitir\u00e1 retomar negociaciones comerciales con mercados que exigen el estatus de pa\u00eds libre de la enfermedad. Adem\u00e1s, remarcaron que los acuerdos de zonificaci\u00f3n y compartimentaci\u00f3n vigentes posibilitaron sostener exportaciones incluso durante la contingencia sanitaria.<\/p>\n\n\n\n<p>En el plano productivo, la C\u00e1mara de Empresas Procesadoras Av\u00edcolas (CEPA) celebr\u00f3 la medida. Su director ejecutivo, Carlos Sinesi, la calific\u00f3 como \u201cun paso fundamental para continuar el camino exportador\u201d y avanzar en la reapertura de mercados internacionales.<\/p>\n\n\n\n<p>No obstante, desde la industria advirtieron que el desaf\u00edo sanitario contin\u00faa y remarcaron la necesidad de reforzar las medidas de prevenci\u00f3n en toda la cadena av\u00edcola.<\/p>\n\n\n\n<p>En esa l\u00ednea, el Senasa lanz\u00f3 una campa\u00f1a de comunicaci\u00f3n para fortalecer la bioseguridad, promover la detecci\u00f3n temprana y recordar la importancia de notificar de inmediato signos compatibles con la enfermedad, como mortandad elevada o s\u00edntomas respiratorios, digestivos o nerviosos en aves dom\u00e9sticas o silvestres.<\/p>\n\n\n\n<p>El organismo destac\u00f3 que mantener el estatus sanitario alcanzado requerir\u00e1 un esfuerzo conjunto entre el sector p\u00fablico y privado para proteger la producci\u00f3n y sostener el crecimiento de las exportaciones av\u00edcolas.<\/p>\n","protected":false},"excerpt":{"rendered":"<p>El Servicio Nacional de Sanidad y Calidad Agroalimentaria (Senasa) elev\u00f3 ante la Organizaci\u00f3n Mundial de<\/p>\n","protected":false},"author":1,"featured_media":27470,"comment_status":"open","ping_status":"open","sticky":false,"template":"","format":"standard","meta":{"footnotes":""},"categories":[20],"tags":[],"class_list":["post-27469","post","type-post","status-publish","format-standard","has-post-thumbnail","hentry","category-actualidad"],"_links":{"self":[{"href":"https:\/\/informeagropecuario.com.ar\/index.php?rest_route=\/wp\/v2\/posts\/27469","targetHints":{"allow":["GET"]}}],"collection":[{"href":"https:\/\/informeagropecuario.com.ar\/index.php?rest_route=\/wp\/v2\/posts"}],"about":[{"href":"https:\/\/informeagropecuario.com.ar\/index.php?rest_route=\/wp\/v2\/types\/post"}],"author":[{"embeddable":true,"href":"https:\/\/informeagropecuario.com.ar\/index.php?rest_route=\/wp\/v2\/users\/1"}],"replies":[{"embeddable":true,"href":"https:\/\/informeagropecuario.com.ar\/index.php?rest_route=%2Fwp%2Fv2%2Fcomments&post=27469"}],"version-history":[{"count":1,"href":"https:\/\/informeagropecuario.com.ar\/index.php?rest_route=\/wp\/v2\/posts\/27469\/revisions"}],"predecessor-version":[{"id":27471,"href":"https:\/\/informeagropecuario.com.ar\/index.php?rest_route=\/wp\/v2\/posts\/27469\/revisions\/27471"}],"wp:featuredmedia":[{"embeddable":true,"href":"https:\/\/informeagropecuario.com.ar\/index.php?rest_route=\/wp\/v2\/media\/27470"}],"wp:attachment":[{"href":"https:\/\/informeagropecuario.com.ar\/index.php?rest_route=%2Fwp%2Fv2%2Fmedia&parent=27469"}],"wp:term":[{"taxonomy":"category","embeddable":true,"href":"https:\/\/informeagropecuario.com.ar\/index.php?rest_route=%2Fwp%2Fv2%2Fcategories&post=27469"},{"taxonomy":"post_tag","embeddable":true,"href":"https:\/\/informeagropecuario.com.ar\/index.php?rest_route=%2Fwp%2Fv2%2Ftags&post=27469"}],"curies":[{"name":"wp","href":"https:\/\/api.w.org\/{rel}","templated":true}]}}