{"id":27478,"date":"2026-04-28T16:03:13","date_gmt":"2026-04-28T19:03:13","guid":{"rendered":"https:\/\/informeagropecuario.com.ar\/?p=27478"},"modified":"2026-04-28T16:03:14","modified_gmt":"2026-04-28T19:03:14","slug":"el-gobierno-impulsa-un-nuevo-sistema-de-control-sobre-el-uso-de-semillas","status":"publish","type":"post","link":"https:\/\/informeagropecuario.com.ar\/?p=27478","title":{"rendered":"El Gobierno impulsa un nuevo sistema de control sobre el uso de semillas"},"content":{"rendered":"\n<p>El ministro de Desregulaci\u00f3n y Transformaci\u00f3n del Estado, Federico Sturzenegger, encabez\u00f3 una reuni\u00f3n junto al secretario de Agricultura, Sergio Iraeta, y el titular del INASE, Mart\u00edn Famulari, con entidades agropecuarias y representantes del sector semillero para avanzar en un nuevo esquema de control sobre el uso de semillas.<\/p>\n\n\n\n<p>El encuentro tuvo como objetivo recoger aportes t\u00e9cnicos y operativos de toda la cadena, con el fin de mejorar los mecanismos de fiscalizaci\u00f3n y combatir el mercado informal, que seg\u00fan el Gobierno afecta la inversi\u00f3n en mejoramiento gen\u00e9tico.<\/p>\n\n\n\n<p>La iniciativa no modifica la Ley 20.247, sino que propone herramientas para hacerla efectiva. Entre los principales puntos, se destaca la implementaci\u00f3n de controles en el primer punto de entrega del grano \u2014acopios, plantas de procesamiento y puertos\u2014, considerados nodos clave para el monitoreo.<\/p>\n\n\n\n<p>Adem\u00e1s, el sistema se integrar\u00e1 con el Sistema de Informaci\u00f3n Simplificado Agr\u00edcola (SISA), obligando a que todos los establecimientos involucrados est\u00e9n registrados, lo que permitir\u00e1 articular la trazabilidad fiscal con la identificaci\u00f3n varietal.<\/p>\n\n\n\n<p>El esquema contempla tambi\u00e9n la participaci\u00f3n de entidades privadas y C\u00e1maras Arbitrales en coordinaci\u00f3n con el INASE, en un modelo p\u00fablico-privado que aprovechar\u00e1 la infraestructura existente.<\/p>\n\n\n\n<p>Los an\u00e1lisis de identificaci\u00f3n varietal se realizar\u00e1n mediante m\u00e9todos reconocidos oficialmente, con resguardo de muestras y env\u00edo de resultados a los titulares de las variedades. Estos podr\u00e1n realizar denuncias si detectan irregularidades, que ser\u00e1n sancionadas conforme a la normativa vigente.<\/p>\n\n\n\n<p>Desde el Gobierno se\u00f1alaron que la medida busca equilibrar la protecci\u00f3n de los derechos de los obtentores \u2014clave para incentivar la innovaci\u00f3n\u2014 con el respeto a los derechos de los productores.<\/p>\n\n\n\n<p>De la reuni\u00f3n participaron representantes de la Sociedad Rural Argentina, CONINAGRO, Federaci\u00f3n Agraria Argentina, Confederaciones Rurales Argentinas, Asociaci\u00f3n de Semilleros Argentinos, CREA y AAPRESID, entre otros funcionarios nacionales.<\/p>\n","protected":false},"excerpt":{"rendered":"<p>El ministro de Desregulaci\u00f3n y Transformaci\u00f3n del Estado, Federico Sturzenegger, encabez\u00f3 una reuni\u00f3n junto al<\/p>\n","protected":false},"author":1,"featured_media":27479,"comment_status":"open","ping_status":"open","sticky":false,"template":"","format":"standard","meta":{"footnotes":""},"categories":[20],"tags":[],"class_list":["post-27478","post","type-post","status-publish","format-standard","has-post-thumbnail","hentry","category-actualidad"],"_links":{"self":[{"href":"https:\/\/informeagropecuario.com.ar\/index.php?rest_route=\/wp\/v2\/posts\/27478","targetHints":{"allow":["GET"]}}],"collection":[{"href":"https:\/\/informeagropecuario.com.ar\/index.php?rest_route=\/wp\/v2\/posts"}],"about":[{"href":"https:\/\/informeagropecuario.com.ar\/index.php?rest_route=\/wp\/v2\/types\/post"}],"author":[{"embeddable":true,"href":"https:\/\/informeagropecuario.com.ar\/index.php?rest_route=\/wp\/v2\/users\/1"}],"replies":[{"embeddable":true,"href":"https:\/\/informeagropecuario.com.ar\/index.php?rest_route=%2Fwp%2Fv2%2Fcomments&post=27478"}],"version-history":[{"count":1,"href":"https:\/\/informeagropecuario.com.ar\/index.php?rest_route=\/wp\/v2\/posts\/27478\/revisions"}],"predecessor-version":[{"id":27480,"href":"https:\/\/informeagropecuario.com.ar\/index.php?rest_route=\/wp\/v2\/posts\/27478\/revisions\/27480"}],"wp:featuredmedia":[{"embeddable":true,"href":"https:\/\/informeagropecuario.com.ar\/index.php?rest_route=\/wp\/v2\/media\/27479"}],"wp:attachment":[{"href":"https:\/\/informeagropecuario.com.ar\/index.php?rest_route=%2Fwp%2Fv2%2Fmedia&parent=27478"}],"wp:term":[{"taxonomy":"category","embeddable":true,"href":"https:\/\/informeagropecuario.com.ar\/index.php?rest_route=%2Fwp%2Fv2%2Fcategories&post=27478"},{"taxonomy":"post_tag","embeddable":true,"href":"https:\/\/informeagropecuario.com.ar\/index.php?rest_route=%2Fwp%2Fv2%2Ftags&post=27478"}],"curies":[{"name":"wp","href":"https:\/\/api.w.org\/{rel}","templated":true}]}}