{"id":27483,"date":"2026-05-01T10:12:09","date_gmt":"2026-05-01T13:12:09","guid":{"rendered":"https:\/\/informeagropecuario.com.ar\/?p=27483"},"modified":"2026-05-01T10:12:10","modified_gmt":"2026-05-01T13:12:10","slug":"las-rurales-del-sudeste-elevan-el-tono-del-reclamo-institucional-a-la-via-judicial","status":"publish","type":"post","link":"https:\/\/informeagropecuario.com.ar\/?p=27483","title":{"rendered":"Las Rurales del Sudeste elevan el tono: del reclamo institucional a la v\u00eda judicial"},"content":{"rendered":"\n<p>En un contexto donde la presi\u00f3n impositiva, las tasas municipales y la falta de respuestas concretas se han convertido en moneda corriente, las sociedades rurales del sudeste bonaerense comienzan a transitar un camino que, hasta hace poco, parec\u00eda extremo: recurrir a la Justicia.<\/p>\n\n\n\n<p>La decisi\u00f3n de evaluar acciones judiciales en algunos \u2014o incluso en todos\u2014 los municipios donde tienen representaci\u00f3n no es un gesto aislado ni caprichoso. Es, en realidad, la consecuencia de una acumulaci\u00f3n de tensiones entre el sector productivo y administraciones locales que, en muchos casos, han incrementado tasas sin una contraprestaci\u00f3n clara o verificable.<\/p>\n\n\n\n<p><strong>La situaci\u00f3n en nuestra zona<\/strong><\/p>\n\n\n\n<p>En distritos como Necochea y su \u00e1rea de influencia, el malestar viene creciendo de manera sostenida. Productores rurales advierten que el aumento de tasas vinculadas a la red vial y servicios rurales no ha sido acompa\u00f1ado por mejoras visibles en la infraestructura. Los caminos rurales \u2014clave para el transporte de granos, insumos y hacienda\u2014 presentan un deterioro recurrente, agravado por las condiciones clim\u00e1ticas de los \u00faltimos meses.<\/p>\n\n\n\n<p>A esto se suma la preocupaci\u00f3n por la falta de mantenimiento sistem\u00e1tico y la escasa previsibilidad en la ejecuci\u00f3n de obras. En zonas cercanas a Quequ\u00e9n, los reclamos tambi\u00e9n apuntan a la necesidad de garantizar accesos transitables hacia puertos y centros de acopio, especialmente en momentos de cosecha, donde cada d\u00eda perdido implica costos concretos.<\/p>\n\n\n\n<p>Las entidades rurales locales han mantenido reuniones con autoridades municipales, pero aseguran que las respuestas han sido parciales o insuficientes. En ese marco, la posibilidad de avanzar en presentaciones judiciales empieza a tomar fuerza tambi\u00e9n en el \u00e1mbito regional, aline\u00e1ndose con lo que ocurre en otros puntos del sudeste.<\/p>\n\n\n\n<p><strong>Antecedentes que marcan el camino<\/strong><\/p>\n\n\n\n<p>No se trata de un terreno inexplorado. En localidades como Azul y Daireaux, sendos grupos de productores rurales entablaron recientemente demandas contra los respectivos municipios, y en ambos casos los fallos judiciales les dieron la raz\u00f3n. Las sentencias obligaron a las comunas a devolver lo cobrado ante la falta de retribuci\u00f3n efectiva en forma de arreglos y mantenimiento general de la red vial.<\/p>\n\n\n\n<p>Estos antecedentes fortalecen la postura de las rurales del sudeste, que observan en la v\u00eda judicial no solo una herramienta de reclamo, sino tambi\u00e9n un camino posible para sentar precedentes frente a situaciones que consideran injustas o desproporcionadas.<\/p>\n\n\n\n<p>El campo, hist\u00f3ricamente resiliente y acostumbrado a lidiar con vaivenes clim\u00e1ticos y econ\u00f3micos, parece haber alcanzado un l\u00edmite en su tolerancia institucional. Las rurales entienden que el di\u00e1logo ha sido, en numerosas oportunidades, insuficiente o directamente est\u00e9ril. Y cuando los canales pol\u00edticos se agotan, el recurso judicial aparece como una herramienta leg\u00edtima dentro del sistema democr\u00e1tico.<\/p>\n\n\n\n<p>Lo que est\u00e1 en juego no es solo una discusi\u00f3n tributaria. Es, en esencia, una disputa sobre reglas de juego, transparencia y equidad. Los productores reclaman previsibilidad, pero tambi\u00e9n coherencia: no puede exigirse m\u00e1s a quien ya est\u00e1 sometido a m\u00faltiples cargas sin garantizar servicios acordes, especialmente en zonas rurales donde la infraestructura \u2014caminos, seguridad, mantenimiento\u2014 suele ser deficitaria.<\/p>\n\n\n\n<p>La eventual judicializaci\u00f3n de estos conflictos abre un escenario complejo. Por un lado, puede sentar precedentes importantes respecto a la legalidad de ciertas tasas municipales. Por otro, tensiona a\u00fan m\u00e1s la relaci\u00f3n entre el campo y los gobiernos locales, que dependen en gran medida de esos recursos para su funcionamiento.<\/p>\n\n\n\n<p>Sin embargo, tambi\u00e9n obliga a un sinceramiento. Si la Justicia interviene, ser\u00e1 porque el sistema pol\u00edtico no logr\u00f3 resolver lo que le correspond\u00eda. Y ese es, quiz\u00e1s, el dato m\u00e1s preocupante.<\/p>\n\n\n\n<p>Las rurales del sudeste no buscan confrontar por deporte. Buscan ser escuchadas. Si el camino judicial se concreta, no ser\u00e1 el inicio del conflicto, sino la evidencia de que el conflicto ya estaba instalado.<\/p>\n\n\n\n<p>El desaf\u00edo, ahora, es evitar que la judicializaci\u00f3n se convierta en la \u00fanica v\u00eda de resoluci\u00f3n. Porque cuando los expedientes reemplazan al di\u00e1logo, todos \u2014municipios, productores y comunidades\u2014 terminan perdiendo tiempo, recursos y oportunidades.<\/p>\n","protected":false},"excerpt":{"rendered":"<p>En un contexto donde la presi\u00f3n impositiva, las tasas municipales y la falta de respuestas<\/p>\n","protected":false},"author":1,"featured_media":27484,"comment_status":"open","ping_status":"open","sticky":false,"template":"","format":"standard","meta":{"footnotes":""},"categories":[20],"tags":[],"class_list":["post-27483","post","type-post","status-publish","format-standard","has-post-thumbnail","hentry","category-actualidad"],"_links":{"self":[{"href":"https:\/\/informeagropecuario.com.ar\/index.php?rest_route=\/wp\/v2\/posts\/27483","targetHints":{"allow":["GET"]}}],"collection":[{"href":"https:\/\/informeagropecuario.com.ar\/index.php?rest_route=\/wp\/v2\/posts"}],"about":[{"href":"https:\/\/informeagropecuario.com.ar\/index.php?rest_route=\/wp\/v2\/types\/post"}],"author":[{"embeddable":true,"href":"https:\/\/informeagropecuario.com.ar\/index.php?rest_route=\/wp\/v2\/users\/1"}],"replies":[{"embeddable":true,"href":"https:\/\/informeagropecuario.com.ar\/index.php?rest_route=%2Fwp%2Fv2%2Fcomments&post=27483"}],"version-history":[{"count":1,"href":"https:\/\/informeagropecuario.com.ar\/index.php?rest_route=\/wp\/v2\/posts\/27483\/revisions"}],"predecessor-version":[{"id":27485,"href":"https:\/\/informeagropecuario.com.ar\/index.php?rest_route=\/wp\/v2\/posts\/27483\/revisions\/27485"}],"wp:featuredmedia":[{"embeddable":true,"href":"https:\/\/informeagropecuario.com.ar\/index.php?rest_route=\/wp\/v2\/media\/27484"}],"wp:attachment":[{"href":"https:\/\/informeagropecuario.com.ar\/index.php?rest_route=%2Fwp%2Fv2%2Fmedia&parent=27483"}],"wp:term":[{"taxonomy":"category","embeddable":true,"href":"https:\/\/informeagropecuario.com.ar\/index.php?rest_route=%2Fwp%2Fv2%2Fcategories&post=27483"},{"taxonomy":"post_tag","embeddable":true,"href":"https:\/\/informeagropecuario.com.ar\/index.php?rest_route=%2Fwp%2Fv2%2Ftags&post=27483"}],"curies":[{"name":"wp","href":"https:\/\/api.w.org\/{rel}","templated":true}]}}